{"id":216814,"date":"2025-07-11T16:49:00","date_gmt":"2025-07-11T19:49:00","guid":{"rendered":"https:\/\/corrientesdetarde.com\/?p=216814"},"modified":"2025-07-11T16:53:34","modified_gmt":"2025-07-11T19:53:34","slug":"nueva-edicion-de-los-juegos-correntinos","status":"publish","type":"post","link":"https:\/\/corrientesdetarde.com\/index.php\/cultura\/nueva-edicion-de-los-juegos-correntinos\/","title":{"rendered":"Nueva edici\u00f3n de los Juegos Correntinos."},"content":{"rendered":"\n<h2 class=\"wp-block-heading\">Beatriz Kunin, Presidente del Instituto de Cultura destac\u00f3 la importancia de esta iniciativa para fomentar el talento local y el intercambio cultural entre j\u00f3venes y adultos.\u00a0<\/h2>\n\n\n\n<p>La actividad estuvo encabezada por la presidente del Instituto de Cultura de Corrientes, Beatriz Kunin, quien destac\u00f3 la importancia de esta iniciativa para fomentar el talento local y el intercambio cultural entre j\u00f3venes y adultos.\u00a0<\/p>\n\n\n\n<p>Durante su alocuci\u00f3n, Kunin agradeci\u00f3 especialmente la presencia de los representantes de distintos municipios del interior, que a\u00f1o tras a\u00f1o acompa\u00f1an el desarrollo de esta competencia.<\/p>\n\n\n\n<p>Entre los asistentes se destac\u00f3 la participaci\u00f3n del director de Cultura de Bella Vista, Gabriel Mazzoleni, en representaci\u00f3n de su localidad, reafirmando el compromiso de ese municipio con las pol\u00edticas culturales de la provincia.<\/p>\n\n\n\n<p>Seg\u00fan lo anunciado, los Juegos Culturales Correntinos tendr\u00e1n su etapa local durante el mes de agosto, continuar\u00e1n con las instancias regionales en septiembre y culminar\u00e1 con las finales provinciales, donde se seleccionar\u00e1n a los representantes para los Juegos Nacionales Culturales.<\/p>\n","protected":false},"excerpt":{"rendered":"<p>Beatriz Kunin, Presidente del Instituto de Cultura destac\u00f3 la importancia de esta iniciativa para fomentar el talento local y el intercambio cultural entre j\u00f3venes y adultos.\u00a0 La actividad estuvo encabezada&hellip; <\/p>\n","protected":false},"author":6,"featured_media":216819,"comment_status":"closed","ping_status":"open","sticky":false,"template":"","format":"standard","meta":{"footnotes":""},"categories":[15],"tags":[],"class_list":["post-216814","post","type-post","status-publish","format-standard","has-post-thumbnail","hentry","category-cultura"],"_links":{"self":[{"href":"https:\/\/corrientesdetarde.com\/index.php\/wp-json\/wp\/v2\/posts\/216814","targetHints":{"allow":["GET"]}}],"collection":[{"href":"https:\/\/corrientesdetarde.com\/index.php\/wp-json\/wp\/v2\/posts"}],"about":[{"href":"https:\/\/corrientesdetarde.com\/index.php\/wp-json\/wp\/v2\/types\/post"}],"author":[{"embeddable":true,"href":"https:\/\/corrientesdetarde.com\/index.php\/wp-json\/wp\/v2\/users\/6"}],"replies":[{"embeddable":true,"href":"https:\/\/corrientesdetarde.com\/index.php\/wp-json\/wp\/v2\/comments?post=216814"}],"version-history":[{"count":2,"href":"https:\/\/corrientesdetarde.com\/index.php\/wp-json\/wp\/v2\/posts\/216814\/revisions"}],"predecessor-version":[{"id":216825,"href":"https:\/\/corrientesdetarde.com\/index.php\/wp-json\/wp\/v2\/posts\/216814\/revisions\/216825"}],"wp:featuredmedia":[{"embeddable":true,"href":"https:\/\/corrientesdetarde.com\/index.php\/wp-json\/wp\/v2\/media\/216819"}],"wp:attachment":[{"href":"https:\/\/corrientesdetarde.com\/index.php\/wp-json\/wp\/v2\/media?parent=216814"}],"wp:term":[{"taxonomy":"category","embeddable":true,"href":"https:\/\/corrientesdetarde.com\/index.php\/wp-json\/wp\/v2\/categories?post=216814"},{"taxonomy":"post_tag","embeddable":true,"href":"https:\/\/corrientesdetarde.com\/index.php\/wp-json\/wp\/v2\/tags?post=216814"}],"curies":[{"name":"wp","href":"https:\/\/api.w.org\/{rel}","templated":true}]}}