{"id":216840,"date":"2025-07-11T17:29:00","date_gmt":"2025-07-11T20:29:00","guid":{"rendered":"https:\/\/corrientesdetarde.com\/?p=216840"},"modified":"2025-07-11T17:33:44","modified_gmt":"2025-07-11T20:33:44","slug":"intensifican-la-busqueda-del-hombre-de-59-anos-desaparecido-en-alvear","status":"publish","type":"post","link":"https:\/\/corrientesdetarde.com\/index.php\/policiales\/intensifican-la-busqueda-del-hombre-de-59-anos-desaparecido-en-alvear\/","title":{"rendered":"Intensifican la b\u00fasqueda del hombre de 59 a\u00f1os desaparecido en Alvear."},"content":{"rendered":"\n<h2 class=\"wp-block-heading\">Juan Carlos Sotelo est\u00e1 ausente desde el domingo. La Polic\u00eda de Corrientes realiza rastrillajes por tierra, agua y aire.<\/h2>\n\n\n\n<p>La Polic\u00eda de Corrientes intensific\u00f3 el operativo de b\u00fasqueda para dar con el paradero de Juan Carlos Sotelo, un hombre de 59 a\u00f1os que permanece desaparecido desde el pasado domingo en la localidad de Alvear.<\/p>\n\n\n\n<p>Seg\u00fan informaron desde la Comisar\u00eda de Distrito Alvear, los rastrillajes se est\u00e1n realizando en distintos sectores de la zona, incluyendo \u00e1reas ribere\u00f1as del r\u00edo Uruguay, y cuentan con la participaci\u00f3n de personal de diversas dependencias policiales. El operativo incluye la utilizaci\u00f3n de drones, recursos tecnol\u00f3gicos y equipos especializados que trabajan por tierra, agua y aire.<\/p>\n\n\n\n<p>A pesar del amplio despliegue, a\u00fan no se ha logrado dar con Sotelo, por lo que se solicita la colaboraci\u00f3n de la comunidad. Quienes puedan aportar informaci\u00f3n certera que ayude a localizarlo pueden comunicarse al 911 (en Capital), al 101 (en el interior de la provincia) o acercarse a la dependencia policial m\u00e1s cercana.<\/p>\n","protected":false},"excerpt":{"rendered":"<p>Juan Carlos Sotelo est\u00e1 ausente desde el domingo. La Polic\u00eda de Corrientes realiza rastrillajes por tierra, agua y aire. La Polic\u00eda de Corrientes intensific\u00f3 el operativo de b\u00fasqueda para dar&hellip; <\/p>\n","protected":false},"author":6,"featured_media":216841,"comment_status":"closed","ping_status":"open","sticky":false,"template":"","format":"standard","meta":{"footnotes":""},"categories":[33],"tags":[],"class_list":["post-216840","post","type-post","status-publish","format-standard","has-post-thumbnail","hentry","category-policiales"],"_links":{"self":[{"href":"https:\/\/corrientesdetarde.com\/index.php\/wp-json\/wp\/v2\/posts\/216840","targetHints":{"allow":["GET"]}}],"collection":[{"href":"https:\/\/corrientesdetarde.com\/index.php\/wp-json\/wp\/v2\/posts"}],"about":[{"href":"https:\/\/corrientesdetarde.com\/index.php\/wp-json\/wp\/v2\/types\/post"}],"author":[{"embeddable":true,"href":"https:\/\/corrientesdetarde.com\/index.php\/wp-json\/wp\/v2\/users\/6"}],"replies":[{"embeddable":true,"href":"https:\/\/corrientesdetarde.com\/index.php\/wp-json\/wp\/v2\/comments?post=216840"}],"version-history":[{"count":1,"href":"https:\/\/corrientesdetarde.com\/index.php\/wp-json\/wp\/v2\/posts\/216840\/revisions"}],"predecessor-version":[{"id":216842,"href":"https:\/\/corrientesdetarde.com\/index.php\/wp-json\/wp\/v2\/posts\/216840\/revisions\/216842"}],"wp:featuredmedia":[{"embeddable":true,"href":"https:\/\/corrientesdetarde.com\/index.php\/wp-json\/wp\/v2\/media\/216841"}],"wp:attachment":[{"href":"https:\/\/corrientesdetarde.com\/index.php\/wp-json\/wp\/v2\/media?parent=216840"}],"wp:term":[{"taxonomy":"category","embeddable":true,"href":"https:\/\/corrientesdetarde.com\/index.php\/wp-json\/wp\/v2\/categories?post=216840"},{"taxonomy":"post_tag","embeddable":true,"href":"https:\/\/corrientesdetarde.com\/index.php\/wp-json\/wp\/v2\/tags?post=216840"}],"curies":[{"name":"wp","href":"https:\/\/api.w.org\/{rel}","templated":true}]}}