{"id":216899,"date":"2025-07-12T08:50:00","date_gmt":"2025-07-12T11:50:00","guid":{"rendered":"https:\/\/corrientesdetarde.com\/?p=216899"},"modified":"2025-07-12T09:46:36","modified_gmt":"2025-07-12T12:46:36","slug":"el-consejo-de-ciencias-economicas-celebro-sus-80-anos","status":"publish","type":"post","link":"https:\/\/corrientesdetarde.com\/index.php\/informacion-general\/el-consejo-de-ciencias-economicas-celebro-sus-80-anos\/","title":{"rendered":"El Consejo de Ciencias Econ\u00f3micas celebr\u00f3 sus 80 a\u00f1os."},"content":{"rendered":"\n<h2 class=\"wp-block-heading\">Para tal ocasi\u00f3n, inauguraron una placa conmemorativa en la plazoleta General Manuel Belgrano. Su presidente valor\u00f3 la capacitaci\u00f3n y el acompa\u00f1amiento que reciben los profesionales del sector.<\/h2>\n\n\n\n<p>Para tal ocasi\u00f3n se llev\u00f3 a cabo un acto que propici\u00f3 la inauguraci\u00f3n de una placa conmemorativa en la plazoleta General Manuel Belgrano de esta capital.<\/p>\n\n\n\n<p>Su actual presidente, Ger\u00f3nimo Garc\u00eda, reconoci\u00f3 que dicho Consejo &#8220;es una instituci\u00f3n que viene acompa\u00f1ando y capacitando a los profesionales del sector con una visi\u00f3n de compromiso, solidaridad y transparencia&#8221;.<\/p>\n\n\n\n<p>El presidente de la entidad econ\u00f3mica resalt\u00f3 que con este acto tuvieron la posibilidad de reconocer a los profesionales: &#8220;Tanto en el sector p\u00fablico como privado, como as\u00ed tambi\u00e9n a los dirigentes de nuestro Consejo&#8221;.<\/p>\n\n\n\n<p>A su vez, dijo que en la actualidad nuclean m\u00e1s de 3.000 matriculados, como as\u00ed tambi\u00e9n cuentan con 15 comisiones asesoras de trabajo.<\/p>\n\n\n\n<p>Adem\u00e1s, dej\u00f3 en claro que &#8220;no solamente el Consejo tiene la misi\u00f3n de controlar a la matr\u00edcula, sino tambi\u00e9n de participar en la formaci\u00f3n constante y continua que tiene el profesional de Ciencias Econ\u00f3micas para facilitarle su tarea&#8221;.<\/p>\n\n\n\n<p>El encuentro conmemorativo cont\u00f3 tambi\u00e9n con la participaci\u00f3n de autoridades municipales y provinciales. Adem\u00e1s, se hicieron presentes la Banda de M\u00fasica del Servicio Penitenciario, Ballet de Danzas y Orquesta Folcl\u00f3rica de la Municipalidad y abanderados del Colegio Secundario Manuel Belgrano.<\/p>\n\n\n\n<h2 class=\"wp-block-heading\">Su misi\u00f3n como Consejo<\/h2>\n\n\n\n<p>Desde la instituci\u00f3n buscan velar por el ejercicio profesional de las ciencias econ\u00f3micas con un sentido \u00e9tico y social, contribuyendo al desarrollo profesional de los matriculados y el mejoramiento de la calidad de vida de los distintos grupos de inter\u00e9s con los que se relaciona, estableciendo una red integradora para generar valor perdurable, colaboraci\u00f3n, participaci\u00f3n, solidaridad y confianza, de manera comprometida con el ambiente, y contribuyendo al desarrollo sustentable.<\/p>\n","protected":false},"excerpt":{"rendered":"<p>Para tal ocasi\u00f3n, inauguraron una placa conmemorativa en la plazoleta General Manuel Belgrano. Su presidente valor\u00f3 la capacitaci\u00f3n y el acompa\u00f1amiento que reciben los profesionales del sector. Para tal ocasi\u00f3n&hellip; <\/p>\n","protected":false},"author":6,"featured_media":216909,"comment_status":"closed","ping_status":"open","sticky":false,"template":"","format":"standard","meta":{"footnotes":""},"categories":[1],"tags":[],"class_list":["post-216899","post","type-post","status-publish","format-standard","has-post-thumbnail","hentry","category-informacion-general"],"_links":{"self":[{"href":"https:\/\/corrientesdetarde.com\/index.php\/wp-json\/wp\/v2\/posts\/216899","targetHints":{"allow":["GET"]}}],"collection":[{"href":"https:\/\/corrientesdetarde.com\/index.php\/wp-json\/wp\/v2\/posts"}],"about":[{"href":"https:\/\/corrientesdetarde.com\/index.php\/wp-json\/wp\/v2\/types\/post"}],"author":[{"embeddable":true,"href":"https:\/\/corrientesdetarde.com\/index.php\/wp-json\/wp\/v2\/users\/6"}],"replies":[{"embeddable":true,"href":"https:\/\/corrientesdetarde.com\/index.php\/wp-json\/wp\/v2\/comments?post=216899"}],"version-history":[{"count":1,"href":"https:\/\/corrientesdetarde.com\/index.php\/wp-json\/wp\/v2\/posts\/216899\/revisions"}],"predecessor-version":[{"id":216912,"href":"https:\/\/corrientesdetarde.com\/index.php\/wp-json\/wp\/v2\/posts\/216899\/revisions\/216912"}],"wp:featuredmedia":[{"embeddable":true,"href":"https:\/\/corrientesdetarde.com\/index.php\/wp-json\/wp\/v2\/media\/216909"}],"wp:attachment":[{"href":"https:\/\/corrientesdetarde.com\/index.php\/wp-json\/wp\/v2\/media?parent=216899"}],"wp:term":[{"taxonomy":"category","embeddable":true,"href":"https:\/\/corrientesdetarde.com\/index.php\/wp-json\/wp\/v2\/categories?post=216899"},{"taxonomy":"post_tag","embeddable":true,"href":"https:\/\/corrientesdetarde.com\/index.php\/wp-json\/wp\/v2\/tags?post=216899"}],"curies":[{"name":"wp","href":"https:\/\/api.w.org\/{rel}","templated":true}]}}