{"id":216900,"date":"2025-07-12T08:40:00","date_gmt":"2025-07-12T11:40:00","guid":{"rendered":"https:\/\/corrientesdetarde.com\/?p=216900"},"modified":"2025-07-13T09:38:09","modified_gmt":"2025-07-13T12:38:09","slug":"la-feria-del-libro-ya-conto-con-la-visita-de-mas-de-10-000-estudiantes","status":"publish","type":"post","link":"https:\/\/corrientesdetarde.com\/index.php\/cultura\/la-feria-del-libro-ya-conto-con-la-visita-de-mas-de-10-000-estudiantes\/","title":{"rendered":"La Feria del Libro ya cont\u00f3 con la visita de m\u00e1s de 10.000 estudiantes."},"content":{"rendered":"\n<h2 class=\"wp-block-heading\">Bajo el lema &#8220;La lectura, refugio de nuestra cultura&#8221;, la feria transita con \u00e9xito sus primeras jornadas y tiene prevista una extensa y atractiva programaci\u00f3n hasta el viernes 18 de julio, con actividades para todas las edades en la Galer\u00eda Col\u00f3n y el Colegio Salesiano.<\/h2>\n\n\n\n<p>Luego de su inauguraci\u00f3n el mi\u00e9rcoles 9 de julio, el Instituto de Cultura de Corrientes y el Ministerio de Educaci\u00f3n llevaron adelante dos d\u00edas -jueves 10 y hoy viernes 11- dedicados especialmente a los colegios y se superaron las expectativas con m\u00e1s de 10.000 estudiantes y profesores recorriendo la feria y participando de las m\u00faltiples actividades previstas.<\/p>\n\n\n\n<p>&#8220;Esta edici\u00f3n de la Feria Provincial del Libro tiene como lema &#8220;La lectura, refugio de nuestra cultura&#8221; porque consideramos que es fundamental promover el h\u00e1bito de leer desde temprana edad y por eso estamos muy contentos que tantos j\u00f3venes hayan pasado en estos primeros d\u00edas y se hayan llevado ese mensaje&#8221;, destac\u00f3 la presidente del Instituto de Cultura, Beatriz Kunin.<\/p>\n\n\n\n<p>De acuerdo a los n\u00fameros que manejan desde el Ministerio de Educaci\u00f3n, se estima que m\u00e1s de 10.000 alumnos y docentes asistieron a la Feria Provincial del Libro.<\/p>\n\n\n\n<p>El director de Planeamiento e Investigaci\u00f3n Educativa, Julio Simonit, se\u00f1al\u00f3: &#8220;Entre el jueves y hoy viernes hemos convocado a tres institutos de formaci\u00f3n docente con un promedio de 800 alumnos aproximadamente, para participar de jornadas espec\u00edficas en funci\u00f3n de su futuro profesional.<\/p>\n\n\n\n<p>Y tenemos el resto de las instituciones educativas, que calculamos que entre primaria y secundaria habr\u00e1n transitado 250 grupos de alumnos, lo que representa m\u00e1s de 10.000 estudiantes&#8221;.<\/p>\n\n\n\n<h2 class=\"wp-block-heading\">Propuestas educativas<\/h2>\n\n\n\n<p>El Ministerio de Educaci\u00f3n de la Provincia participa activamente en la 15\u00aa Feria Provincial del Libro con una agenda diversa, inclusiva y transversal que re\u00fane en la sede del Colegio Salesiano, m\u00e1s de 40 propuestas en diferentes espacios del predio. Para ello, se involucraron m\u00e1s de 18 \u00e1reas, entre direcciones y coordinaciones transversales del Ministerio.<\/p>\n\n\n\n<p>Las actividades se desarrollaron en salones, SUM, escenario y espacios al aire libre, integrando lectura, tecnolog\u00eda, arte, alfabetizaci\u00f3n, inclusi\u00f3n y formaci\u00f3n docente, consolidando a la educaci\u00f3n como pilar de la cultura provincial.<\/p>\n\n\n\n<h2 class=\"wp-block-heading\">Educaci\u00f3n, arte y salud en la Feria del Libro<\/h2>\n\n\n\n<p>En el marco de la 15\u00aa edici\u00f3n de la Feria Provincial del Libro, el Ministerio de Educaci\u00f3n de la Provincia present\u00f3 este viernes un stand tem\u00e1tico que combin\u00f3 arte, alfabetizaci\u00f3n y salud escolar. La propuesta estuvo a cargo de la Direcci\u00f3n de Sanidad Escolar, en articulaci\u00f3n con la Coordinaci\u00f3n de Educaci\u00f3n Art\u00edstica de la misma cartera educativa.<\/p>\n\n\n\n<p>La propuesta estuvo destinada a alumnos de todos los niveles y participaron tanto instituciones p\u00fablicas como privadas, incluyendo escuelas primarias, secundarias y de educaci\u00f3n especial. En total, alrededor de 500 estudiantes se sumaron a la jornada educativa.<\/p>\n\n\n\n<p>Adem\u00e1s de actividades l\u00fadicas y art\u00edsticas, el pabell\u00f3n present\u00f3 una l\u00ednea de tiempo sobre la historia de la educaci\u00f3n en Corrientes. Se destac\u00f3 la figura de Fray Jos\u00e9 de la Quintana, considerado uno de los primeros educadores de la provincia, maestro de Pedro Ferr\u00e9, quien posteriormente se convirti\u00f3 en gobernador y promovi\u00f3 la creaci\u00f3n de instituciones educativas fundamentales.<\/p>\n","protected":false},"excerpt":{"rendered":"<p>Bajo el lema &#8220;La lectura, refugio de nuestra cultura&#8221;, la feria transita con \u00e9xito sus primeras jornadas y tiene prevista una extensa y atractiva programaci\u00f3n hasta el viernes 18 de&hellip; <\/p>\n","protected":false},"author":6,"featured_media":216904,"comment_status":"closed","ping_status":"open","sticky":false,"template":"","format":"standard","meta":{"footnotes":""},"categories":[23,15],"tags":[],"class_list":["post-216900","post","type-post","status-publish","format-standard","has-post-thumbnail","hentry","category-actualidad","category-cultura"],"_links":{"self":[{"href":"https:\/\/corrientesdetarde.com\/index.php\/wp-json\/wp\/v2\/posts\/216900","targetHints":{"allow":["GET"]}}],"collection":[{"href":"https:\/\/corrientesdetarde.com\/index.php\/wp-json\/wp\/v2\/posts"}],"about":[{"href":"https:\/\/corrientesdetarde.com\/index.php\/wp-json\/wp\/v2\/types\/post"}],"author":[{"embeddable":true,"href":"https:\/\/corrientesdetarde.com\/index.php\/wp-json\/wp\/v2\/users\/6"}],"replies":[{"embeddable":true,"href":"https:\/\/corrientesdetarde.com\/index.php\/wp-json\/wp\/v2\/comments?post=216900"}],"version-history":[{"count":3,"href":"https:\/\/corrientesdetarde.com\/index.php\/wp-json\/wp\/v2\/posts\/216900\/revisions"}],"predecessor-version":[{"id":216908,"href":"https:\/\/corrientesdetarde.com\/index.php\/wp-json\/wp\/v2\/posts\/216900\/revisions\/216908"}],"wp:featuredmedia":[{"embeddable":true,"href":"https:\/\/corrientesdetarde.com\/index.php\/wp-json\/wp\/v2\/media\/216904"}],"wp:attachment":[{"href":"https:\/\/corrientesdetarde.com\/index.php\/wp-json\/wp\/v2\/media?parent=216900"}],"wp:term":[{"taxonomy":"category","embeddable":true,"href":"https:\/\/corrientesdetarde.com\/index.php\/wp-json\/wp\/v2\/categories?post=216900"},{"taxonomy":"post_tag","embeddable":true,"href":"https:\/\/corrientesdetarde.com\/index.php\/wp-json\/wp\/v2\/tags?post=216900"}],"curies":[{"name":"wp","href":"https:\/\/api.w.org\/{rel}","templated":true}]}}