{"id":216911,"date":"2025-07-12T09:10:00","date_gmt":"2025-07-12T12:10:00","guid":{"rendered":"https:\/\/corrientesdetarde.com\/?p=216911"},"modified":"2025-07-12T10:02:45","modified_gmt":"2025-07-12T13:02:45","slug":"tras-un-doble-allanamiento-detuvieron-a-un-delincuente","status":"publish","type":"post","link":"https:\/\/corrientesdetarde.com\/index.php\/policiales\/tras-un-doble-allanamiento-detuvieron-a-un-delincuente\/","title":{"rendered":"Tras un doble allanamiento detuvieron a un delincuente."},"content":{"rendered":"\n<h2 class=\"wp-block-heading\">El maleante sustrajo una cortadora de c\u00e9sped. Despu\u00e9s la escondi\u00f3 en casa del hermano. Ayer fue detenido ante la bronca vecinal.<\/h2>\n\n\n\n<p>Un delincuente fue detenido ayer en el barrio R\u00edo Paran\u00e1 de la ciudad de Corrientes por el robo de una cortadora de c\u00e9sped. Se trata de un joven de 24 a\u00f1os que tiene &#8220;hartos a los vecinos&#8221;, con sus constantes delitos.<\/p>\n\n\n\n<p>Autoridades de la comisar\u00eda seccional Decimoquinta allanaron dos viviendas para dejar completamente esclarecido el \u00faltimo de los hechos cometidos a manos de tal sujeto.<\/p>\n\n\n\n<p>Hace tres d\u00edas, los due\u00f1os de una vivienda de la barriada situada en la zona sur de la capital acudieron a la dependencia de seguridad para asentar una denuncia.<\/p>\n\n\n\n<p>Luego del testimonio de las personas damnificadas comenzaron a trabajar en la investigaci\u00f3n.<\/p>\n\n\n\n<p>Los dados sindicaron en todo sentido a Facundo P., alias &#8220;Facundito&#8221;, como el responsable del il\u00edcito sucedido a la madrugada.<\/p>\n\n\n\n<p>Ayer, con dos \u00f3rdenes de allanamiento un grupo de efectivos a cargo del comisario inspector Gerardo de Jes\u00fas Cantero, ingresaron a dos viviendas no muy alejadas del domicilio donde ocurri\u00f3 el delito.<\/p>\n\n\n\n<p>Uno de los inmuebles pertenece a un hermano del autor del robo y es donde encontraron la m\u00e1quina.<\/p>\n\n\n\n<figure class=\"wp-block-image\"><img decoding=\"async\" src=\"https:\/\/www.diarioepoca.com\/content\/bucket\/6\/1438516w380h376c.jpg.webp\" alt=\"\"\/><figcaption class=\"wp-element-caption\">&#8220;FACUNDITO&#8221;, RESPONSABLE DEL IL\u00cdCITO EN SU BARRIO.<\/figcaption><\/figure>\n\n\n\n<p>En el segundo allanamiento, concretado en una casa ubicada al frente de un pasillo que sale a calle Mocoret\u00e1, localizaron al joven maleante.<\/p>\n\n\n\n<p>Al darse cuenta de la presencia policial &#8220;Facundito&#8221; sali\u00f3 corriendo de la propiedad de su madre para cruzar a otros terrenos lindantes en la parte posterior.<\/p>\n\n\n\n<p>Pese a su maniobra de fuga no lleg\u00f3 muy lejos. El ladr\u00f3n pudo ser interceptado en la zona, para despu\u00e9s ser llevado a la comisar\u00eda.<\/p>\n\n\n\n<p>En el procedimiento colaboraron efectivos del Grupo de Respuesta Inmediata Motorizada 5.<\/p>\n","protected":false},"excerpt":{"rendered":"<p>El maleante sustrajo una cortadora de c\u00e9sped. Despu\u00e9s la escondi\u00f3 en casa del hermano. Ayer fue detenido ante la bronca vecinal. Un delincuente fue detenido ayer en el barrio R\u00edo&hellip; <\/p>\n","protected":false},"author":6,"featured_media":216916,"comment_status":"closed","ping_status":"open","sticky":false,"template":"","format":"standard","meta":{"footnotes":""},"categories":[33],"tags":[],"class_list":["post-216911","post","type-post","status-publish","format-standard","has-post-thumbnail","hentry","category-policiales"],"_links":{"self":[{"href":"https:\/\/corrientesdetarde.com\/index.php\/wp-json\/wp\/v2\/posts\/216911","targetHints":{"allow":["GET"]}}],"collection":[{"href":"https:\/\/corrientesdetarde.com\/index.php\/wp-json\/wp\/v2\/posts"}],"about":[{"href":"https:\/\/corrientesdetarde.com\/index.php\/wp-json\/wp\/v2\/types\/post"}],"author":[{"embeddable":true,"href":"https:\/\/corrientesdetarde.com\/index.php\/wp-json\/wp\/v2\/users\/6"}],"replies":[{"embeddable":true,"href":"https:\/\/corrientesdetarde.com\/index.php\/wp-json\/wp\/v2\/comments?post=216911"}],"version-history":[{"count":1,"href":"https:\/\/corrientesdetarde.com\/index.php\/wp-json\/wp\/v2\/posts\/216911\/revisions"}],"predecessor-version":[{"id":216917,"href":"https:\/\/corrientesdetarde.com\/index.php\/wp-json\/wp\/v2\/posts\/216911\/revisions\/216917"}],"wp:featuredmedia":[{"embeddable":true,"href":"https:\/\/corrientesdetarde.com\/index.php\/wp-json\/wp\/v2\/media\/216916"}],"wp:attachment":[{"href":"https:\/\/corrientesdetarde.com\/index.php\/wp-json\/wp\/v2\/media?parent=216911"}],"wp:term":[{"taxonomy":"category","embeddable":true,"href":"https:\/\/corrientesdetarde.com\/index.php\/wp-json\/wp\/v2\/categories?post=216911"},{"taxonomy":"post_tag","embeddable":true,"href":"https:\/\/corrientesdetarde.com\/index.php\/wp-json\/wp\/v2\/tags?post=216911"}],"curies":[{"name":"wp","href":"https:\/\/api.w.org\/{rel}","templated":true}]}}