{"id":216913,"date":"2025-07-12T09:00:00","date_gmt":"2025-07-12T12:00:00","guid":{"rendered":"https:\/\/corrientesdetarde.com\/?p=216913"},"modified":"2025-07-12T09:59:12","modified_gmt":"2025-07-12T12:59:12","slug":"demoran-a-un-hombre-por-intentar-vender-una-cria-de-carpincho","status":"publish","type":"post","link":"https:\/\/corrientesdetarde.com\/index.php\/policiales\/demoran-a-un-hombre-por-intentar-vender-una-cria-de-carpincho\/","title":{"rendered":"Demoran a un hombre por intentar vender una cr\u00eda de carpincho."},"content":{"rendered":"\n<h2 class=\"wp-block-heading\">Polic\u00edas rurales demoraron a un hombre que ten\u00eda al animal. Lo ofrec\u00eda en Facebook.<\/h2>\n\n\n\n<p>La Polic\u00eda demor\u00f3 a un hombre sospechado de intentar comercializar a la cr\u00eda de un carpincho. La maniobra fue detectada cuando un vecino alert\u00f3 sobre una publicaci\u00f3n en Facebook donde ofrec\u00edan al animal silvestre.<\/p>\n\n\n\n<p>Personal de la Unidad Especial de Seguridad Rural y Ecol\u00f3gica de Goya localizaron al hombre que llevaba al peque\u00f1o animal sobre una motocicleta Motomel 150.<\/p>\n\n\n\n<p>Fuentes oficiales precisaron que el &#8220;procedimiento fue realizado tras ser alertados por un transe\u00fante sobre un hombre que estar\u00eda ofreciendo un carpincho por Facebook&#8221;.<\/p>\n\n\n\n<p>El testigo indic\u00f3 a los efectivos que el sospechoso estaba en las cercan\u00edas del puente Chiappe. En ese lugar lo sorprendieron junto al animal que sujetaba con una cuerda y reten\u00eda con presuntos fines de lucro.<\/p>\n","protected":false},"excerpt":{"rendered":"<p>Polic\u00edas rurales demoraron a un hombre que ten\u00eda al animal. Lo ofrec\u00eda en Facebook. La Polic\u00eda demor\u00f3 a un hombre sospechado de intentar comercializar a la cr\u00eda de un carpincho.&hellip; <\/p>\n","protected":false},"author":6,"featured_media":216914,"comment_status":"closed","ping_status":"open","sticky":false,"template":"","format":"standard","meta":{"footnotes":""},"categories":[33],"tags":[],"class_list":["post-216913","post","type-post","status-publish","format-standard","has-post-thumbnail","hentry","category-policiales"],"_links":{"self":[{"href":"https:\/\/corrientesdetarde.com\/index.php\/wp-json\/wp\/v2\/posts\/216913","targetHints":{"allow":["GET"]}}],"collection":[{"href":"https:\/\/corrientesdetarde.com\/index.php\/wp-json\/wp\/v2\/posts"}],"about":[{"href":"https:\/\/corrientesdetarde.com\/index.php\/wp-json\/wp\/v2\/types\/post"}],"author":[{"embeddable":true,"href":"https:\/\/corrientesdetarde.com\/index.php\/wp-json\/wp\/v2\/users\/6"}],"replies":[{"embeddable":true,"href":"https:\/\/corrientesdetarde.com\/index.php\/wp-json\/wp\/v2\/comments?post=216913"}],"version-history":[{"count":1,"href":"https:\/\/corrientesdetarde.com\/index.php\/wp-json\/wp\/v2\/posts\/216913\/revisions"}],"predecessor-version":[{"id":216915,"href":"https:\/\/corrientesdetarde.com\/index.php\/wp-json\/wp\/v2\/posts\/216913\/revisions\/216915"}],"wp:featuredmedia":[{"embeddable":true,"href":"https:\/\/corrientesdetarde.com\/index.php\/wp-json\/wp\/v2\/media\/216914"}],"wp:attachment":[{"href":"https:\/\/corrientesdetarde.com\/index.php\/wp-json\/wp\/v2\/media?parent=216913"}],"wp:term":[{"taxonomy":"category","embeddable":true,"href":"https:\/\/corrientesdetarde.com\/index.php\/wp-json\/wp\/v2\/categories?post=216913"},{"taxonomy":"post_tag","embeddable":true,"href":"https:\/\/corrientesdetarde.com\/index.php\/wp-json\/wp\/v2\/tags?post=216913"}],"curies":[{"name":"wp","href":"https:\/\/api.w.org\/{rel}","templated":true}]}}