{"id":216920,"date":"2025-07-12T09:50:00","date_gmt":"2025-07-12T12:50:00","guid":{"rendered":"https:\/\/corrientesdetarde.com\/?p=216920"},"modified":"2025-07-12T10:21:39","modified_gmt":"2025-07-12T13:21:39","slug":"encontraron-muerto-al-hombre-de-59-anos-que-desaparecio-en-alvear","status":"publish","type":"post","link":"https:\/\/corrientesdetarde.com\/index.php\/policiales\/encontraron-muerto-al-hombre-de-59-anos-que-desaparecio-en-alvear\/","title":{"rendered":"Encontraron muerto al hombre de 59 a\u00f1os que desapareci\u00f3 en Alvear."},"content":{"rendered":"\n<h2 class=\"wp-block-heading\">Este viernes por la tarde se confirm\u00f3\u00a0que se trata de Juan Carlos Sotelo, de 59 a\u00f1os, quien hab\u00eda desaparecido tras salir de su casa a ver un partido de f\u00fatbol en la localidad correntina de Alvear. El cuerpo fue encontrado en una zona de malezas y se orden\u00f3 la autopsia para determinar las causas del fallecimiento.<\/h2>\n\n\n\n<p>Este jueves por la tarde fue encontrado el cuerpo sin vida de un hombre en una zona de malezas en Alvear y se tratar\u00eda de Juan Carlos Sotelo, de 59 a\u00f1os, quien era buscado intensamente por la&nbsp;<strong>Polic\u00eda de Corrientes<\/strong>&nbsp;desde el pasado domingo 6 de julio.<\/p>\n\n\n\n<p>La denuncia por su desaparici\u00f3n fue realizada por una persona de apellido Piris, quien indic\u00f3 que Sotelo, quien tendr\u00eda retraso madurativo, sali\u00f3&nbsp;de su domicilio para ver un partido de f\u00fatbol, pero nunca regres\u00f3.<\/p>\n\n\n\n<p>Desde entonces, se despleg\u00f3 un operativo de rastrillaje. Finalmente, en la jornada de este viernes se produjo el hallazgo del cuerpo sin signos vitales, en una zona de vegetaci\u00f3n, aunque a\u00fan no se confirmaron las causas del fallecimiento.<\/p>\n","protected":false},"excerpt":{"rendered":"<p>Este viernes por la tarde se confirm\u00f3\u00a0que se trata de Juan Carlos Sotelo, de 59 a\u00f1os, quien hab\u00eda desaparecido tras salir de su casa a ver un partido de f\u00fatbol&hellip; <\/p>\n","protected":false},"author":6,"featured_media":216927,"comment_status":"closed","ping_status":"open","sticky":false,"template":"","format":"standard","meta":{"footnotes":""},"categories":[33],"tags":[],"class_list":["post-216920","post","type-post","status-publish","format-standard","has-post-thumbnail","hentry","category-policiales"],"_links":{"self":[{"href":"https:\/\/corrientesdetarde.com\/index.php\/wp-json\/wp\/v2\/posts\/216920","targetHints":{"allow":["GET"]}}],"collection":[{"href":"https:\/\/corrientesdetarde.com\/index.php\/wp-json\/wp\/v2\/posts"}],"about":[{"href":"https:\/\/corrientesdetarde.com\/index.php\/wp-json\/wp\/v2\/types\/post"}],"author":[{"embeddable":true,"href":"https:\/\/corrientesdetarde.com\/index.php\/wp-json\/wp\/v2\/users\/6"}],"replies":[{"embeddable":true,"href":"https:\/\/corrientesdetarde.com\/index.php\/wp-json\/wp\/v2\/comments?post=216920"}],"version-history":[{"count":1,"href":"https:\/\/corrientesdetarde.com\/index.php\/wp-json\/wp\/v2\/posts\/216920\/revisions"}],"predecessor-version":[{"id":216931,"href":"https:\/\/corrientesdetarde.com\/index.php\/wp-json\/wp\/v2\/posts\/216920\/revisions\/216931"}],"wp:featuredmedia":[{"embeddable":true,"href":"https:\/\/corrientesdetarde.com\/index.php\/wp-json\/wp\/v2\/media\/216927"}],"wp:attachment":[{"href":"https:\/\/corrientesdetarde.com\/index.php\/wp-json\/wp\/v2\/media?parent=216920"}],"wp:term":[{"taxonomy":"category","embeddable":true,"href":"https:\/\/corrientesdetarde.com\/index.php\/wp-json\/wp\/v2\/categories?post=216920"},{"taxonomy":"post_tag","embeddable":true,"href":"https:\/\/corrientesdetarde.com\/index.php\/wp-json\/wp\/v2\/tags?post=216920"}],"curies":[{"name":"wp","href":"https:\/\/api.w.org\/{rel}","templated":true}]}}