{"id":216930,"date":"2025-07-12T10:00:00","date_gmt":"2025-07-12T13:00:00","guid":{"rendered":"https:\/\/corrientesdetarde.com\/?p=216930"},"modified":"2025-07-12T10:23:19","modified_gmt":"2025-07-12T13:23:19","slug":"regatas-se-consagro-campeon-de-la-copa-palacio","status":"publish","type":"post","link":"https:\/\/corrientesdetarde.com\/index.php\/deportes\/regatas-se-consagro-campeon-de-la-copa-palacio\/","title":{"rendered":"Regatas se consagr\u00f3 campe\u00f3n de la Copa Palacio."},"content":{"rendered":"\n<h2 class=\"wp-block-heading\">El equipo del Parque Mitre se impuso 77-65 en el tercer juego de la serie decisiva y cerr\u00f3 2-1 a su favor. Fue el primer certamen organizado por la Asociaci\u00f3n de B\u00e1squetbol Capitalina.<\/h2>\n\n\n\n<p><strong>Regatas&nbsp;<\/strong>se coron\u00f3&nbsp;<strong>campe\u00f3n del torneo de Primera Divisi\u00f3n<\/strong>&nbsp;al vencer a&nbsp;<strong>San Mart\u00edn&nbsp;<\/strong>por 77-65 en el tercer y definitivo partido de las finales por la&nbsp;<strong>Copa Palacio<\/strong>. Con esta victoria, el conjunto dirigido por Alejandro Silveira cerr\u00f3 la serie 2-1 y levant\u00f3 el trofeo en el certamen inaugural organizado por la Asociaci\u00f3n de B\u00e1squetbol de la ciudad de Corrientes.<\/p>\n\n\n\n<p>El elenco del Parque Mitre tuvo una destacada actuaci\u00f3n colectiva, con Santiago Fiorio (15 puntos) y Exequiel Lezcano (13) como sus m\u00e1ximos anotadores. En el conjunto \u201crojinegro\u201d, Mateo Rearte fue el goleador del juego con 19 unidades.<\/p>\n\n\n\n<p>La ceremonia de premiaci\u00f3n cont\u00f3 con la presencia del presidente de la Asociaci\u00f3n, Alfredo Wenk, y la secretaria Alicia Sena, quienes entregaron el trofeo a los campeones. El torneo, que marc\u00f3 el regreso formal de una competencia capitalina unificada, culmin\u00f3 con una final vibrante entre dos tradicionales rivales.<\/p>\n\n\n\n<h2 class=\"wp-block-heading\"><strong>Campa\u00f1a del campe\u00f3n<\/strong><\/h2>\n\n\n\n<p>Regatas cerr\u00f3 el torneo con un balance de 13 victorias y solo 2 derrotas. En la fase regular, el equipo tuvo un rendimiento s\u00f3lido con triunfos destacados ante Malvinas 1536 Viviendas (82-40), Atl\u00e9tico Alvear (81-63) y Atl\u00e9tico El Tala (85-71). La \u00fanica ca\u00edda fue ante Deportivo Col\u00f3n por 76-74 en la novena fecha.<\/p>\n\n\n\n<p>En semifinales, super\u00f3 a B\u00e1squetbol C\u00f3rdoba por 76-61. En la serie final frente a San Mart\u00edn, cay\u00f3 en el primer juego (64-77), se recuper\u00f3 con una ajustada victoria (49-45) en el segundo, y sell\u00f3 el campeonato con el 77-65 definitivo.<\/p>\n","protected":false},"excerpt":{"rendered":"<p>El equipo del Parque Mitre se impuso 77-65 en el tercer juego de la serie decisiva y cerr\u00f3 2-1 a su favor. Fue el primer certamen organizado por la Asociaci\u00f3n&hellip; <\/p>\n","protected":false},"author":6,"featured_media":216932,"comment_status":"closed","ping_status":"open","sticky":false,"template":"","format":"standard","meta":{"footnotes":""},"categories":[4],"tags":[],"class_list":["post-216930","post","type-post","status-publish","format-standard","has-post-thumbnail","hentry","category-deportes"],"_links":{"self":[{"href":"https:\/\/corrientesdetarde.com\/index.php\/wp-json\/wp\/v2\/posts\/216930","targetHints":{"allow":["GET"]}}],"collection":[{"href":"https:\/\/corrientesdetarde.com\/index.php\/wp-json\/wp\/v2\/posts"}],"about":[{"href":"https:\/\/corrientesdetarde.com\/index.php\/wp-json\/wp\/v2\/types\/post"}],"author":[{"embeddable":true,"href":"https:\/\/corrientesdetarde.com\/index.php\/wp-json\/wp\/v2\/users\/6"}],"replies":[{"embeddable":true,"href":"https:\/\/corrientesdetarde.com\/index.php\/wp-json\/wp\/v2\/comments?post=216930"}],"version-history":[{"count":1,"href":"https:\/\/corrientesdetarde.com\/index.php\/wp-json\/wp\/v2\/posts\/216930\/revisions"}],"predecessor-version":[{"id":216933,"href":"https:\/\/corrientesdetarde.com\/index.php\/wp-json\/wp\/v2\/posts\/216930\/revisions\/216933"}],"wp:featuredmedia":[{"embeddable":true,"href":"https:\/\/corrientesdetarde.com\/index.php\/wp-json\/wp\/v2\/media\/216932"}],"wp:attachment":[{"href":"https:\/\/corrientesdetarde.com\/index.php\/wp-json\/wp\/v2\/media?parent=216930"}],"wp:term":[{"taxonomy":"category","embeddable":true,"href":"https:\/\/corrientesdetarde.com\/index.php\/wp-json\/wp\/v2\/categories?post=216930"},{"taxonomy":"post_tag","embeddable":true,"href":"https:\/\/corrientesdetarde.com\/index.php\/wp-json\/wp\/v2\/tags?post=216930"}],"curies":[{"name":"wp","href":"https:\/\/api.w.org\/{rel}","templated":true}]}}