{"id":216953,"date":"2025-07-12T12:00:00","date_gmt":"2025-07-12T15:00:00","guid":{"rendered":"https:\/\/corrientesdetarde.com\/?p=216953"},"modified":"2025-07-12T12:38:57","modified_gmt":"2025-07-12T15:38:57","slug":"demoras-en-el-puente-manuel-belgrano-luego-de-la-procesion","status":"publish","type":"post","link":"https:\/\/corrientesdetarde.com\/index.php\/informacion-general\/demoras-en-el-puente-manuel-belgrano-luego-de-la-procesion\/","title":{"rendered":"Demoras en el Puente Manuel Belgrano luego de la procesi\u00f3n."},"content":{"rendered":"\n<h2 class=\"wp-block-heading\">Piden extremar medidas de precauci\u00f3n ante el n\u00famero importante de veh\u00edculos que transitan sobre el puente que une Corrientes y Chaco en esta ma\u00f1ana de s\u00e1bado 12 de julio. La demora vehicular se debe a la gran concurrencia de peregrinos que pasaron horas m\u00e1s tempranas que van camino a la localidad de Itat\u00ed.<\/h2>\n\n\n\n<p>El tr\u00e1nsito vehicular desde Corrientes a Resistencia es normal, indican desde las redes de &#8220;estado del puente&#8221; quienes adem\u00e1s solicitaron extremar medidas de precauci\u00f3n ante el n\u00famero de rodados que se desplazan por el viaducto.&nbsp;<\/p>\n\n\n\n<p>El Intenso tr\u00e1fico se debe a la presencia de peregrinos que momentos antes parti\u00f3 desde diferentes puntos de la vecina provincia de Chaco que van hacia la Bas\u00edlica de Nuestra Se\u00f1ora de Itat\u00ed.&nbsp;<\/p>\n","protected":false},"excerpt":{"rendered":"<p>Piden extremar medidas de precauci\u00f3n ante el n\u00famero importante de veh\u00edculos que transitan sobre el puente que une Corrientes y Chaco en esta ma\u00f1ana de s\u00e1bado 12 de julio. La&hellip; <\/p>\n","protected":false},"author":6,"featured_media":216957,"comment_status":"closed","ping_status":"open","sticky":false,"template":"","format":"standard","meta":{"footnotes":""},"categories":[1],"tags":[],"class_list":["post-216953","post","type-post","status-publish","format-standard","has-post-thumbnail","hentry","category-informacion-general"],"_links":{"self":[{"href":"https:\/\/corrientesdetarde.com\/index.php\/wp-json\/wp\/v2\/posts\/216953","targetHints":{"allow":["GET"]}}],"collection":[{"href":"https:\/\/corrientesdetarde.com\/index.php\/wp-json\/wp\/v2\/posts"}],"about":[{"href":"https:\/\/corrientesdetarde.com\/index.php\/wp-json\/wp\/v2\/types\/post"}],"author":[{"embeddable":true,"href":"https:\/\/corrientesdetarde.com\/index.php\/wp-json\/wp\/v2\/users\/6"}],"replies":[{"embeddable":true,"href":"https:\/\/corrientesdetarde.com\/index.php\/wp-json\/wp\/v2\/comments?post=216953"}],"version-history":[{"count":1,"href":"https:\/\/corrientesdetarde.com\/index.php\/wp-json\/wp\/v2\/posts\/216953\/revisions"}],"predecessor-version":[{"id":216961,"href":"https:\/\/corrientesdetarde.com\/index.php\/wp-json\/wp\/v2\/posts\/216953\/revisions\/216961"}],"wp:featuredmedia":[{"embeddable":true,"href":"https:\/\/corrientesdetarde.com\/index.php\/wp-json\/wp\/v2\/media\/216957"}],"wp:attachment":[{"href":"https:\/\/corrientesdetarde.com\/index.php\/wp-json\/wp\/v2\/media?parent=216953"}],"wp:term":[{"taxonomy":"category","embeddable":true,"href":"https:\/\/corrientesdetarde.com\/index.php\/wp-json\/wp\/v2\/categories?post=216953"},{"taxonomy":"post_tag","embeddable":true,"href":"https:\/\/corrientesdetarde.com\/index.php\/wp-json\/wp\/v2\/tags?post=216953"}],"curies":[{"name":"wp","href":"https:\/\/api.w.org\/{rel}","templated":true}]}}