{"id":217025,"date":"2025-07-14T00:51:51","date_gmt":"2025-07-14T03:51:51","guid":{"rendered":"https:\/\/corrientesdetarde.com\/?p=217025"},"modified":"2025-07-14T08:03:52","modified_gmt":"2025-07-14T11:03:52","slug":"ciclo-de-masterclasses-en-el-vera-exitosa-jornada-con-fatima-florez","status":"publish","type":"post","link":"https:\/\/corrientesdetarde.com\/index.php\/cultura\/ciclo-de-masterclasses-en-el-vera-exitosa-jornada-con-fatima-florez\/","title":{"rendered":"Ciclo de Masterclasses en el Vera: exitosa jornada con F\u00e1tima Florez"},"content":{"rendered":"\n<p>La primera fecha del ciclo ideado desde el Teatro Oficial Juan de Vera, bajo direcci\u00f3n de Lourdes S\u00e1nchez, destinado a brindar herramientas para el sector de las artes esc\u00e9nicas convocando a referentes de cada disciplina abri\u00f3 con la actriz, humorista, bailarina y cantante F\u00e1tima Florez. El jueves 17 y viernes 18, Masterclass de danzas cl\u00e1sicas con Hern\u00e1n Piquin<\/p>\n\n\n\n<p>El ciclo llevado adelante por el Teatro Oficial Juan de Vera, dependiente del Instituto de Cultura, inici\u00f3 con la actriz, imitadora, bailarina y cantante F\u00e1tima Florez, qui\u00e9n durante dos horas brind\u00f3 detalles, t\u00e9cnicas y m\u00e9todos en el campo de la actuaci\u00f3n, lo perfom\u00e1tico y esc\u00e9nico a una platea, en su mayor\u00eda integrada por estudiantes de arte, artistas musicales y teatrales, entre otros.<\/p>\n\n\n\n<p>Moderada por Virginia Acosta, la Masterclass a cargo de Florez tuvo en el inicio una puesta te\u00f3rica, donde detall\u00f3 los m\u00e9todos de abordaje a la hora de personificar figuras del espect\u00e1culo, la construcci\u00f3n del personaje y el trabajo de interpretaci\u00f3n en cuanto al uso del cuerpo y de la voz, adem\u00e1s de los recursos de vestuario y maquillaje. Tambi\u00e9n dio pautas a la audiencia sobre la importancia de adquirir herramientas que profesionalicen la actuaci\u00f3n, el canto y la danza.<\/p>\n\n\n\n<p>En la segunda parte de la Masterclass, tras una pausa, la din\u00e1mica sobre el escenario se volvi\u00f3 m\u00e1s pr\u00e1ctica, con Florez dando feedback a los integrantes de la audiencia, entre ellos estudiantes de teatro, actores y m\u00fasicos, qui\u00e9nes tuvieron su oportunidad de mostrar el oficio y recibir una devoluci\u00f3n por parte de la actriz e imitadora.<\/p>\n\n\n\n<p><strong>Segunda fecha: Masterclass de Danza Cl\u00e1sica con Hern\u00e1n Piquin<\/strong><\/p>\n\n\n\n<p>La segunda fecha del ciclo continuar\u00e1 este jueves 17 y viernes 18 de julio, con la masterclass a cargo de Hern\u00e1n Piqu\u00edn, desde las 17 hs en ambas jornadas. El jueves 17&nbsp; con abordaje t\u00e9cnico y pr\u00e1ctico y el viernes 18 con enfoque motivacional.<\/p>\n\n\n\n<p>La misma est\u00e1 dirigida a bailarines y bailarinas de nivel intermedio y avanzado a partir de los 11 a\u00f1os. Los cupos son limitados, el acceso es gratuito y con inscripciones previas.<\/p>\n\n\n\n<p><strong>+ Info<\/strong><\/p>\n\n\n\n<p>Instagram | @teatrooficialjuandevera<\/p>\n","protected":false},"excerpt":{"rendered":"<p>La primera fecha del ciclo ideado desde el Teatro Oficial Juan de Vera, bajo direcci\u00f3n de Lourdes S\u00e1nchez, destinado a brindar herramientas para el sector de las artes esc\u00e9nicas convocando&hellip; <\/p>\n","protected":false},"author":4,"featured_media":217031,"comment_status":"closed","ping_status":"open","sticky":false,"template":"","format":"standard","meta":{"footnotes":""},"categories":[15,22],"tags":[],"class_list":["post-217025","post","type-post","status-publish","format-standard","has-post-thumbnail","hentry","category-cultura","category-eventos"],"_links":{"self":[{"href":"https:\/\/corrientesdetarde.com\/index.php\/wp-json\/wp\/v2\/posts\/217025","targetHints":{"allow":["GET"]}}],"collection":[{"href":"https:\/\/corrientesdetarde.com\/index.php\/wp-json\/wp\/v2\/posts"}],"about":[{"href":"https:\/\/corrientesdetarde.com\/index.php\/wp-json\/wp\/v2\/types\/post"}],"author":[{"embeddable":true,"href":"https:\/\/corrientesdetarde.com\/index.php\/wp-json\/wp\/v2\/users\/4"}],"replies":[{"embeddable":true,"href":"https:\/\/corrientesdetarde.com\/index.php\/wp-json\/wp\/v2\/comments?post=217025"}],"version-history":[{"count":1,"href":"https:\/\/corrientesdetarde.com\/index.php\/wp-json\/wp\/v2\/posts\/217025\/revisions"}],"predecessor-version":[{"id":217032,"href":"https:\/\/corrientesdetarde.com\/index.php\/wp-json\/wp\/v2\/posts\/217025\/revisions\/217032"}],"wp:featuredmedia":[{"embeddable":true,"href":"https:\/\/corrientesdetarde.com\/index.php\/wp-json\/wp\/v2\/media\/217031"}],"wp:attachment":[{"href":"https:\/\/corrientesdetarde.com\/index.php\/wp-json\/wp\/v2\/media?parent=217025"}],"wp:term":[{"taxonomy":"category","embeddable":true,"href":"https:\/\/corrientesdetarde.com\/index.php\/wp-json\/wp\/v2\/categories?post=217025"},{"taxonomy":"post_tag","embeddable":true,"href":"https:\/\/corrientesdetarde.com\/index.php\/wp-json\/wp\/v2\/tags?post=217025"}],"curies":[{"name":"wp","href":"https:\/\/api.w.org\/{rel}","templated":true}]}}