{"id":217030,"date":"2025-07-14T00:56:06","date_gmt":"2025-07-14T03:56:06","guid":{"rendered":"https:\/\/corrientesdetarde.com\/?p=217030"},"modified":"2025-07-14T08:57:44","modified_gmt":"2025-07-14T11:57:44","slug":"valdes-acompano-el-inicio-de-la-125-peregrinacion-de-san-luis-del-palmar-a-itati","status":"publish","type":"post","link":"https:\/\/corrientesdetarde.com\/index.php\/eventos\/valdes-acompano-el-inicio-de-la-125-peregrinacion-de-san-luis-del-palmar-a-itati\/","title":{"rendered":"Vald\u00e9s acompa\u00f1\u00f3 el inicio de la 125\u00b0 peregrinaci\u00f3n de San Luis del Palmar a Itat\u00ed"},"content":{"rendered":"\n<p>El gobernador Gustavo Vald\u00e9s, este s\u00e1bado, junto a fieles&nbsp;particip\u00f3 de la 125\u00b0 peregrinaci\u00f3n del pueblo de San Luis del Palmar, presidida por la imagen de San Luis Rey de Francia, hasta Itat\u00ed.<\/p>\n\n\n\n<p>En este contexto Vald\u00e9s, a trav\u00e9s de sus redes sociales, destac\u00f3 el comienzo de la peregrinaci\u00f3n resaltando el valor espiritual y cultural de la tradicional marcha que une a San Luis del Palmar con el santuario de la Virgen de Itat\u00ed, donde peregrinos renuevan su devoci\u00f3n, en una expresi\u00f3n de fe popular profundamente arraigada en el pueblo correntino.<\/p>\n\n\n\n<p>\u201cAqu\u00ed, jinetes y caminantes devotos expresan su fe a Nuestra Se\u00f1ora de Itat\u00ed, coronada pontificiamente por el papa Le\u00f3n XIII el 16 de julio de 1900\u201d, concluy\u00f3 el Mandatario.<\/p>\n\n\n\n<figure class=\"wp-block-image size-full\"><img loading=\"lazy\" decoding=\"async\" width=\"679\" height=\"898\" src=\"https:\/\/corrientesdetarde.com\/wp-content\/uploads\/2025\/07\/image-350.png\" alt=\"\" class=\"wp-image-217034\" srcset=\"https:\/\/corrientesdetarde.com\/wp-content\/uploads\/2025\/07\/image-350.png 679w, https:\/\/corrientesdetarde.com\/wp-content\/uploads\/2025\/07\/image-350-227x300.png 227w\" sizes=\"auto, (max-width: 679px) 100vw, 679px\" \/><\/figure>\n\n\n\n<figure class=\"wp-block-image size-large\"><img loading=\"lazy\" decoding=\"async\" width=\"1024\" height=\"678\" src=\"https:\/\/corrientesdetarde.com\/wp-content\/uploads\/2025\/07\/image-351-1024x678.png\" alt=\"\" class=\"wp-image-217035\" srcset=\"https:\/\/corrientesdetarde.com\/wp-content\/uploads\/2025\/07\/image-351-1024x678.png 1024w, https:\/\/corrientesdetarde.com\/wp-content\/uploads\/2025\/07\/image-351-300x199.png 300w, https:\/\/corrientesdetarde.com\/wp-content\/uploads\/2025\/07\/image-351-768x508.png 768w, https:\/\/corrientesdetarde.com\/wp-content\/uploads\/2025\/07\/image-351.png 1363w\" sizes=\"auto, (max-width: 1024px) 100vw, 1024px\" \/><\/figure>\n","protected":false},"excerpt":{"rendered":"<p>El gobernador Gustavo Vald\u00e9s, este s\u00e1bado, junto a fieles&nbsp;particip\u00f3 de la 125\u00b0 peregrinaci\u00f3n del pueblo de San Luis del Palmar, presidida por la imagen de San Luis Rey de Francia,&hellip; <\/p>\n","protected":false},"author":4,"featured_media":217033,"comment_status":"closed","ping_status":"open","sticky":false,"template":"","format":"standard","meta":{"footnotes":""},"categories":[22],"tags":[],"class_list":["post-217030","post","type-post","status-publish","format-standard","has-post-thumbnail","hentry","category-eventos"],"_links":{"self":[{"href":"https:\/\/corrientesdetarde.com\/index.php\/wp-json\/wp\/v2\/posts\/217030","targetHints":{"allow":["GET"]}}],"collection":[{"href":"https:\/\/corrientesdetarde.com\/index.php\/wp-json\/wp\/v2\/posts"}],"about":[{"href":"https:\/\/corrientesdetarde.com\/index.php\/wp-json\/wp\/v2\/types\/post"}],"author":[{"embeddable":true,"href":"https:\/\/corrientesdetarde.com\/index.php\/wp-json\/wp\/v2\/users\/4"}],"replies":[{"embeddable":true,"href":"https:\/\/corrientesdetarde.com\/index.php\/wp-json\/wp\/v2\/comments?post=217030"}],"version-history":[{"count":1,"href":"https:\/\/corrientesdetarde.com\/index.php\/wp-json\/wp\/v2\/posts\/217030\/revisions"}],"predecessor-version":[{"id":217036,"href":"https:\/\/corrientesdetarde.com\/index.php\/wp-json\/wp\/v2\/posts\/217030\/revisions\/217036"}],"wp:featuredmedia":[{"embeddable":true,"href":"https:\/\/corrientesdetarde.com\/index.php\/wp-json\/wp\/v2\/media\/217033"}],"wp:attachment":[{"href":"https:\/\/corrientesdetarde.com\/index.php\/wp-json\/wp\/v2\/media?parent=217030"}],"wp:term":[{"taxonomy":"category","embeddable":true,"href":"https:\/\/corrientesdetarde.com\/index.php\/wp-json\/wp\/v2\/categories?post=217030"},{"taxonomy":"post_tag","embeddable":true,"href":"https:\/\/corrientesdetarde.com\/index.php\/wp-json\/wp\/v2\/tags?post=217030"}],"curies":[{"name":"wp","href":"https:\/\/api.w.org\/{rel}","templated":true}]}}