{"id":217038,"date":"2025-07-14T08:06:27","date_gmt":"2025-07-14T11:06:27","guid":{"rendered":"https:\/\/corrientesdetarde.com\/?p=217038"},"modified":"2025-07-14T08:06:38","modified_gmt":"2025-07-14T11:06:38","slug":"choque-fatal-entre-un-colectivo-y-un-auto","status":"publish","type":"post","link":"https:\/\/corrientesdetarde.com\/index.php\/destacados\/choque-fatal-entre-un-colectivo-y-un-auto\/","title":{"rendered":"Choque fatal entre un colectivo y un auto"},"content":{"rendered":"\n<p>Un violento choque entre un autom\u00f3vil y un colectivo de larga distancia sobre Ruta Nacional 14 en el acceso a la ciudad de Santo Tom\u00e9, dej\u00f3 en la madrugada de ayer una persona muerta, mientras que sus dos acompa\u00f1antes se encuentran en grav\u00edsimo estado.<\/p>\n\n\n\n<p><\/p>\n\n\n\n<p>El siniestro vial se registr\u00f3 cerca de las 6 de la ma\u00f1ana del domingo entre un autom\u00f3vil Peugeot de color negro y un colectivo de larga distancia, perteneciente a la empresa misionera Crucero del Norte, indicaron fuentes oficiales.<\/p>\n\n\n\n<p>La v\u00edctima de apellido Couti\u00f1o ser\u00eda oriunda de la ciudad de santotome\u00f1a; mientras que no trascendieron datos de los acompa\u00f1antes, pero la Polic\u00eda local indic\u00f3 que todos resultaron con grav\u00edsimas lesiones y debieron ser rescatados del interior del autom\u00f3vil incrustado en la parte frontal del colectivo.<\/p>\n\n\n\n<p>&nbsp;Las causas que rodearon el choque a\u00fan no fueron establecidas oficialmente, pero no se descarta una maniobra imprudente de parte de uno de los conductores, que sumado a la espesa niebla persistente en la zona del impacto, confabularon para la tragedia.<\/p>\n\n\n\n<p>Personal de la Direcci\u00f3n de Tr\u00e1nsito de la comuna local, adem\u00e1s de Bomberos Voluntarios, trabajaron para socorrer a las v\u00edctimas y ordenar el caos vehicular provocado por el choque.<\/p>\n","protected":false},"excerpt":{"rendered":"<p>Un violento choque entre un autom\u00f3vil y un colectivo de larga distancia sobre Ruta Nacional 14 en el acceso a la ciudad de Santo Tom\u00e9, dej\u00f3 en la madrugada de&hellip; <\/p>\n","protected":false},"author":1,"featured_media":217043,"comment_status":"closed","ping_status":"open","sticky":false,"template":"","format":"standard","meta":{"footnotes":""},"categories":[26],"tags":[],"class_list":["post-217038","post","type-post","status-publish","format-standard","has-post-thumbnail","hentry","category-destacados"],"_links":{"self":[{"href":"https:\/\/corrientesdetarde.com\/index.php\/wp-json\/wp\/v2\/posts\/217038","targetHints":{"allow":["GET"]}}],"collection":[{"href":"https:\/\/corrientesdetarde.com\/index.php\/wp-json\/wp\/v2\/posts"}],"about":[{"href":"https:\/\/corrientesdetarde.com\/index.php\/wp-json\/wp\/v2\/types\/post"}],"author":[{"embeddable":true,"href":"https:\/\/corrientesdetarde.com\/index.php\/wp-json\/wp\/v2\/users\/1"}],"replies":[{"embeddable":true,"href":"https:\/\/corrientesdetarde.com\/index.php\/wp-json\/wp\/v2\/comments?post=217038"}],"version-history":[{"count":2,"href":"https:\/\/corrientesdetarde.com\/index.php\/wp-json\/wp\/v2\/posts\/217038\/revisions"}],"predecessor-version":[{"id":217045,"href":"https:\/\/corrientesdetarde.com\/index.php\/wp-json\/wp\/v2\/posts\/217038\/revisions\/217045"}],"wp:featuredmedia":[{"embeddable":true,"href":"https:\/\/corrientesdetarde.com\/index.php\/wp-json\/wp\/v2\/media\/217043"}],"wp:attachment":[{"href":"https:\/\/corrientesdetarde.com\/index.php\/wp-json\/wp\/v2\/media?parent=217038"}],"wp:term":[{"taxonomy":"category","embeddable":true,"href":"https:\/\/corrientesdetarde.com\/index.php\/wp-json\/wp\/v2\/categories?post=217038"},{"taxonomy":"post_tag","embeddable":true,"href":"https:\/\/corrientesdetarde.com\/index.php\/wp-json\/wp\/v2\/tags?post=217038"}],"curies":[{"name":"wp","href":"https:\/\/api.w.org\/{rel}","templated":true}]}}