{"id":217061,"date":"2025-07-14T11:27:32","date_gmt":"2025-07-14T14:27:32","guid":{"rendered":"https:\/\/corrientesdetarde.com\/?p=217061"},"modified":"2025-07-14T11:27:43","modified_gmt":"2025-07-14T14:27:43","slug":"claudio-polich-recorrio-ferias-de-la-ciudad-y-dialogo-con-vecinos-y-emprendedores","status":"publish","type":"post","link":"https:\/\/corrientesdetarde.com\/index.php\/informacion-general\/claudio-polich-recorrio-ferias-de-la-ciudad-y-dialogo-con-vecinos-y-emprendedores\/","title":{"rendered":"Claudio Polich recorri\u00f3 ferias de la ciudad y dialog\u00f3 con vecinos y emprendedores"},"content":{"rendered":"\n<p>El candidato a intendente de la ciudad de Corrientes por la alianza Vamos Corrientes, Claudio Polich, recorri\u00f3 este domingo a la tarde distintas ferias que se llevan adelante en la ciudad, con el objetivo de tomar contacto directo con vecinos y emprendedores, y dialogar sobre las actividades que desarrollan.<\/p>\n\n\n\n<p>Acompa\u00f1ado por los candidatos a concejales de su espacio, Gabriela Gauna (CC-ARI), Melisa Mecca (Partido Popular), Mat\u00edas Bocalon (CICO) y Camila Roda (UCR), la jornada comenz\u00f3 en Punta Tacuara, donde visitaron la Feria Mascotera, organizada bajo la coordinaci\u00f3n de la dirigente Florencia Ojeda. All\u00ed, Polich recorri\u00f3 los distintos stands, dialog\u00f3 con feriantes y vecinos, y escuch\u00f3 propuestas e inquietudes vinculadas al bienestar animal y a la mejora de los espacios p\u00fablicos.<\/p>\n\n\n\n<p>M\u00e1s tarde, ya en el parque Camb\u00e1 Cu\u00e1, el candidato se sum\u00f3 al candidato a diputado provincial Hugo \u201cCuqui\u201d Calvano para visitar la feria de emprendedores impulsada por la escuela de formaci\u00f3n de la Coalici\u00f3n C\u00edvica ARI Corrientes, espacio que promueve el desarrollo de la econom\u00eda local mediante el acompa\u00f1amiento a iniciativas autogestivas.<\/p>\n\n\n\n<p>Durante su recorrida, Polich convers\u00f3 con emprendedores de distintos rubros, quienes compartieron sus experiencias, expectativas y propuestas para fortalecer este tipo de espacios de comercializaci\u00f3n y crecimiento.<\/p>\n\n\n\n<p>\u201cEstas ferias son un reflejo del trabajo, la creatividad y el empuje de nuestros vecinos. Desde Vamos Corrientes queremos acompa\u00f1ar y potenciar estas iniciativas que no solo generan empleo, sino tambi\u00e9n comunidad\u201d, expres\u00f3 Polich al cierre de su recorrida.<\/p>\n","protected":false},"excerpt":{"rendered":"<p>El candidato a intendente de la ciudad de Corrientes por la alianza Vamos Corrientes, Claudio Polich, recorri\u00f3 este domingo a la tarde distintas ferias que se llevan adelante en la&hellip; <\/p>\n","protected":false},"author":1,"featured_media":217079,"comment_status":"closed","ping_status":"open","sticky":false,"template":"","format":"standard","meta":{"footnotes":""},"categories":[1],"tags":[],"class_list":["post-217061","post","type-post","status-publish","format-standard","has-post-thumbnail","hentry","category-informacion-general"],"_links":{"self":[{"href":"https:\/\/corrientesdetarde.com\/index.php\/wp-json\/wp\/v2\/posts\/217061","targetHints":{"allow":["GET"]}}],"collection":[{"href":"https:\/\/corrientesdetarde.com\/index.php\/wp-json\/wp\/v2\/posts"}],"about":[{"href":"https:\/\/corrientesdetarde.com\/index.php\/wp-json\/wp\/v2\/types\/post"}],"author":[{"embeddable":true,"href":"https:\/\/corrientesdetarde.com\/index.php\/wp-json\/wp\/v2\/users\/1"}],"replies":[{"embeddable":true,"href":"https:\/\/corrientesdetarde.com\/index.php\/wp-json\/wp\/v2\/comments?post=217061"}],"version-history":[{"count":1,"href":"https:\/\/corrientesdetarde.com\/index.php\/wp-json\/wp\/v2\/posts\/217061\/revisions"}],"predecessor-version":[{"id":217080,"href":"https:\/\/corrientesdetarde.com\/index.php\/wp-json\/wp\/v2\/posts\/217061\/revisions\/217080"}],"wp:featuredmedia":[{"embeddable":true,"href":"https:\/\/corrientesdetarde.com\/index.php\/wp-json\/wp\/v2\/media\/217079"}],"wp:attachment":[{"href":"https:\/\/corrientesdetarde.com\/index.php\/wp-json\/wp\/v2\/media?parent=217061"}],"wp:term":[{"taxonomy":"category","embeddable":true,"href":"https:\/\/corrientesdetarde.com\/index.php\/wp-json\/wp\/v2\/categories?post=217061"},{"taxonomy":"post_tag","embeddable":true,"href":"https:\/\/corrientesdetarde.com\/index.php\/wp-json\/wp\/v2\/tags?post=217061"}],"curies":[{"name":"wp","href":"https:\/\/api.w.org\/{rel}","templated":true}]}}