{"id":217062,"date":"2025-07-14T11:25:56","date_gmt":"2025-07-14T14:25:56","guid":{"rendered":"https:\/\/corrientesdetarde.com\/?p=217062"},"modified":"2025-07-14T11:26:01","modified_gmt":"2025-07-14T14:26:01","slug":"valdes-entregara-creditos-a-emprendedores-y-habilitara-el-centro-cultural-sanmartiniano","status":"publish","type":"post","link":"https:\/\/corrientesdetarde.com\/index.php\/informacion-general\/valdes-entregara-creditos-a-emprendedores-y-habilitara-el-centro-cultural-sanmartiniano\/","title":{"rendered":"Vald\u00e9s entregar\u00e1 cr\u00e9ditos a emprendedores y habilitar\u00e1 el Centro Cultural Sanmartiniano"},"content":{"rendered":"\n<p>El gobernador de Corrientes, Gustavo Vald\u00e9s, presidir\u00e1 este martes, a las 9, un acto en el Sal\u00f3n Amarillo de Casa de Gobierno, donde se concretar\u00e1 la entrega de cr\u00e9ditos para emprendedores locales. Posteriormente, a las 10, el mandatario provincial encabezar\u00e1 la inauguraci\u00f3n del Centro Cultural Sanmartiniano, ubicado en 25 de Mayo 1406, en la ciudad de Corrientes.<\/p>\n\n\n\n<p><\/p>\n","protected":false},"excerpt":{"rendered":"<p>El gobernador de Corrientes, Gustavo Vald\u00e9s, presidir\u00e1 este martes, a las 9, un acto en el Sal\u00f3n Amarillo de Casa de Gobierno, donde se concretar\u00e1 la entrega de cr\u00e9ditos para&hellip; <\/p>\n","protected":false},"author":1,"featured_media":217077,"comment_status":"closed","ping_status":"open","sticky":false,"template":"","format":"standard","meta":{"footnotes":""},"categories":[1],"tags":[],"class_list":["post-217062","post","type-post","status-publish","format-standard","has-post-thumbnail","hentry","category-informacion-general"],"_links":{"self":[{"href":"https:\/\/corrientesdetarde.com\/index.php\/wp-json\/wp\/v2\/posts\/217062","targetHints":{"allow":["GET"]}}],"collection":[{"href":"https:\/\/corrientesdetarde.com\/index.php\/wp-json\/wp\/v2\/posts"}],"about":[{"href":"https:\/\/corrientesdetarde.com\/index.php\/wp-json\/wp\/v2\/types\/post"}],"author":[{"embeddable":true,"href":"https:\/\/corrientesdetarde.com\/index.php\/wp-json\/wp\/v2\/users\/1"}],"replies":[{"embeddable":true,"href":"https:\/\/corrientesdetarde.com\/index.php\/wp-json\/wp\/v2\/comments?post=217062"}],"version-history":[{"count":1,"href":"https:\/\/corrientesdetarde.com\/index.php\/wp-json\/wp\/v2\/posts\/217062\/revisions"}],"predecessor-version":[{"id":217078,"href":"https:\/\/corrientesdetarde.com\/index.php\/wp-json\/wp\/v2\/posts\/217062\/revisions\/217078"}],"wp:featuredmedia":[{"embeddable":true,"href":"https:\/\/corrientesdetarde.com\/index.php\/wp-json\/wp\/v2\/media\/217077"}],"wp:attachment":[{"href":"https:\/\/corrientesdetarde.com\/index.php\/wp-json\/wp\/v2\/media?parent=217062"}],"wp:term":[{"taxonomy":"category","embeddable":true,"href":"https:\/\/corrientesdetarde.com\/index.php\/wp-json\/wp\/v2\/categories?post=217062"},{"taxonomy":"post_tag","embeddable":true,"href":"https:\/\/corrientesdetarde.com\/index.php\/wp-json\/wp\/v2\/tags?post=217062"}],"curies":[{"name":"wp","href":"https:\/\/api.w.org\/{rel}","templated":true}]}}