{"id":217063,"date":"2025-07-14T11:23:13","date_gmt":"2025-07-14T14:23:13","guid":{"rendered":"https:\/\/corrientesdetarde.com\/?p=217063"},"modified":"2025-07-16T08:21:45","modified_gmt":"2025-07-16T11:21:45","slug":"feria-del-libro-el-vicegobernador-presentara-el-libro-memorias-de-tomas-mazzanti","status":"publish","type":"post","link":"https:\/\/corrientesdetarde.com\/index.php\/cultura\/feria-del-libro-el-vicegobernador-presentara-el-libro-memorias-de-tomas-mazzanti\/","title":{"rendered":"FERIA DEL LIBRO: El Vicegobernador presentar\u00e1 el libro \u201cMemorias de Tom\u00e1s Mazzanti\u201d"},"content":{"rendered":"\n<p><\/p>\n\n\n\n<p>En el marco de la 15\u00aa Feria del Libro de Corrientes, esta tarde a las 18, el vicegobernador Pedro Braillard Poccard y el senador Ignacio Osella encabezar\u00e1n la presentaci\u00f3n del libro \u201cMemorias de Tom\u00e1s Mazzanti\u201d. El acto tendr\u00e1 lugar en el auditorio Ceferino Miranda, ubicado en el quinto piso de la Galer\u00eda Col\u00f3n.<\/p>\n\n\n\n<p>La obra recoge los testimonios y vivencias de Tom\u00e1s Mazzanti, inmigrante italiano nacido en Florencia el 12 de diciembre de 1812. Tip\u00f3grafo, pintor y comerciante, Mazzanti lleg\u00f3 a la ciudad de Goya en 1857, impulsado por un marcado esp\u00edritu emprendedor.<\/p>\n\n\n\n<p>Durante su vida, tuvo un papel clave en diversos hitos del desarrollo local, particip\u00f3 en la confecci\u00f3n del plano urbano de Goya, impuls\u00f3 la creaci\u00f3n del primer centro cultural de la ciudad \u2014el Teatro Club 25 de Mayo\u2014 y fue uno de los fundadores de la Sociedad Italiana. M\u00e1s adelante, acept\u00f3 la propuesta de Jacinto Rol\u00f3n para administrar la primera colonia de inmigrantes italianos en la zona, conocida como Colonia Carolina, donde falleci\u00f3 el 30 de octubre de 1904, a los 92 a\u00f1os.<\/p>\n\n\n\n<p>Cabe mencionar que el manuscrito original de las memorias ha sido cedido por Juan Carlos Escudero Mazzanti, bisnieto de Don Tom\u00e1s Mazzanti, a la Direcci\u00f3n de Cultura del Municipio de Goya en agosto de 2022, lo que permiti\u00f3 su publicaci\u00f3n y difusi\u00f3n.<\/p>\n\n\n\n<figure class=\"wp-block-image size-large is-resized\"><img decoding=\"async\" src=\"https:\/\/corrientesdetarde.com\/wp-content\/uploads\/2025\/07\/Imagen-de-WhatsApp-2025-07-14-a-las-10.44.04_ab2b11a3-822x1024.jpg\" alt=\"\" class=\"wp-image-217071\" style=\"width:655px;height:auto\"\/><\/figure>\n\n\n\n<p><\/p>\n\n\n\n<figure class=\"wp-block-image size-large is-resized\"><img loading=\"lazy\" decoding=\"async\" width=\"838\" height=\"1024\" src=\"https:\/\/corrientesdetarde.com\/wp-content\/uploads\/2025\/07\/Imagen-de-WhatsApp-2025-07-12-a-las-16.52.55_bc910189-838x1024.jpg\" alt=\"\" class=\"wp-image-217072\" style=\"width:498px;height:auto\" srcset=\"https:\/\/corrientesdetarde.com\/wp-content\/uploads\/2025\/07\/Imagen-de-WhatsApp-2025-07-12-a-las-16.52.55_bc910189-838x1024.jpg 838w, https:\/\/corrientesdetarde.com\/wp-content\/uploads\/2025\/07\/Imagen-de-WhatsApp-2025-07-12-a-las-16.52.55_bc910189-245x300.jpg 245w, https:\/\/corrientesdetarde.com\/wp-content\/uploads\/2025\/07\/Imagen-de-WhatsApp-2025-07-12-a-las-16.52.55_bc910189-768x939.jpg 768w, https:\/\/corrientesdetarde.com\/wp-content\/uploads\/2025\/07\/Imagen-de-WhatsApp-2025-07-12-a-las-16.52.55_bc910189.jpg 1047w\" sizes=\"auto, (max-width: 838px) 100vw, 838px\" \/><\/figure>\n\n\n\n<p><\/p>\n","protected":false},"excerpt":{"rendered":"<p>En el marco de la 15\u00aa Feria del Libro de Corrientes, esta tarde a las 18, el vicegobernador Pedro Braillard Poccard y el senador Ignacio Osella encabezar\u00e1n la presentaci\u00f3n del&hellip; <\/p>\n","protected":false},"author":1,"featured_media":217071,"comment_status":"closed","ping_status":"open","sticky":false,"template":"","format":"standard","meta":{"footnotes":""},"categories":[15],"tags":[],"class_list":["post-217063","post","type-post","status-publish","format-standard","has-post-thumbnail","hentry","category-cultura"],"_links":{"self":[{"href":"https:\/\/corrientesdetarde.com\/index.php\/wp-json\/wp\/v2\/posts\/217063","targetHints":{"allow":["GET"]}}],"collection":[{"href":"https:\/\/corrientesdetarde.com\/index.php\/wp-json\/wp\/v2\/posts"}],"about":[{"href":"https:\/\/corrientesdetarde.com\/index.php\/wp-json\/wp\/v2\/types\/post"}],"author":[{"embeddable":true,"href":"https:\/\/corrientesdetarde.com\/index.php\/wp-json\/wp\/v2\/users\/1"}],"replies":[{"embeddable":true,"href":"https:\/\/corrientesdetarde.com\/index.php\/wp-json\/wp\/v2\/comments?post=217063"}],"version-history":[{"count":1,"href":"https:\/\/corrientesdetarde.com\/index.php\/wp-json\/wp\/v2\/posts\/217063\/revisions"}],"predecessor-version":[{"id":217076,"href":"https:\/\/corrientesdetarde.com\/index.php\/wp-json\/wp\/v2\/posts\/217063\/revisions\/217076"}],"wp:featuredmedia":[{"embeddable":true,"href":"https:\/\/corrientesdetarde.com\/index.php\/wp-json\/wp\/v2\/media\/217071"}],"wp:attachment":[{"href":"https:\/\/corrientesdetarde.com\/index.php\/wp-json\/wp\/v2\/media?parent=217063"}],"wp:term":[{"taxonomy":"category","embeddable":true,"href":"https:\/\/corrientesdetarde.com\/index.php\/wp-json\/wp\/v2\/categories?post=217063"},{"taxonomy":"post_tag","embeddable":true,"href":"https:\/\/corrientesdetarde.com\/index.php\/wp-json\/wp\/v2\/tags?post=217063"}],"curies":[{"name":"wp","href":"https:\/\/api.w.org\/{rel}","templated":true}]}}