{"id":217137,"date":"2025-07-14T15:09:31","date_gmt":"2025-07-14T18:09:31","guid":{"rendered":"https:\/\/corrientesdetarde.com\/?p=217137"},"modified":"2025-07-14T15:09:43","modified_gmt":"2025-07-14T18:09:43","slug":"el-bailarin-y-coreografo-hernan-piquin-brindara-un-masterclass","status":"publish","type":"post","link":"https:\/\/corrientesdetarde.com\/index.php\/cultura\/el-bailarin-y-coreografo-hernan-piquin-brindara-un-masterclass\/","title":{"rendered":"El bailar\u00edn y core\u00f3grafo Hern\u00e1n Piquin brindar\u00e1 un masterclass"},"content":{"rendered":"\n<p>Dando continuidad al Ciclo de Masterclasses iniciada el pasado fin de semana con la primera fecha a cargo de F\u00e1tima Florez, el Teatro Oficial Juan de Vera anuncia la segunda fecha con la Masterclass de Danza Cl\u00e1sica por Hern\u00e1n Piquin, este jueves 17 y viernes 18 de julio, con acceso gratuito e inscripciones previas, dirigido a bailarines de nivel intermedio y avanzado a partir de los 11 a\u00f1os.<\/p>\n\n\n\n<p>El Teatro Oficial Juan de Vera, dependiente del Instituto de Cultura, anuncia la Masterclass de Danza Cl\u00e1sica por Hern\u00e1n Piquin este jueves 17 y viernes 18 de julio, desde las 17 hs., dirigida a bailarines y bailarinas de nivel intermedio y avanzado a partir de los 11 a\u00f1os. Los cupos son limitados, con inscripci\u00f3n previa en:&nbsp;<a href=\"https:\/\/4ue34.r.sp1-brevo.net\/mk\/cl\/f\/sh\/6rqJfgq8dINmNvd2HB7mP7OK8Ju\/0Qa2sUGqwgN1\" target=\"_blank\" rel=\"noreferrer noopener\">https:\/\/forms.gle\/JkVSzhUTFZMsdM3j9<\/a><\/p>\n\n\n\n<p>El jueves 17 de julio, el abordaje de la masterclass ser\u00e1 sobre t\u00e9cnicas en barra y centro, mientras que el jueves 18, tambi\u00e9n desde las 17 hs., girar\u00e1 en torno a lo motivacional y reflexiones alrededor del oficio, recorriendo temas como la importancia de la t\u00e9cnica en la danza cl\u00e1sica, el arte de la interpretaci\u00f3n y el rol de la expresi\u00f3n art\u00edstica, entre otros. Al finalizar, habr\u00e1 una instancia de consultas entre quienes asistan y el prestigioso bailar\u00edn argentino.<\/p>\n\n\n\n<p><strong>Hern\u00e1n Piqu\u00edn<\/strong><\/p>\n\n\n\n<p>Bailar\u00edn y core\u00f3grafo argentino de prestigio internacional. Formado en el Instituto Superior de Arte del Teatro Col\u00f3n, fue estudiante de honor del English National Ballet en Londres y primer bailar\u00edn en Le Jeune Ballet de France, el Ballet Argentino de Julio Bocca y el Ballet Estable del Teatro Col\u00f3n.<\/p>\n\n\n\n<p>Protagoniz\u00f3 la pel\u00edcula &#8220;Aniceto&#8221; de Leonardo Favio y se consagr\u00f3 bicampe\u00f3n de Bailando por un Sue\u00f1o, donde tambi\u00e9n fue jurado. Cre\u00f3 y protagoniz\u00f3 espect\u00e1culos como Let It Be y El Show Debe Continuar, con los que recorri\u00f3 escenarios de todo el mundo. Con una carrera marcada por la excelencia y la pasi\u00f3n, sigue compartiendo su arte a trav\u00e9s de giras, espect\u00e1culos y masterclasses.<\/p>\n","protected":false},"excerpt":{"rendered":"<p>Dando continuidad al Ciclo de Masterclasses iniciada el pasado fin de semana con la primera fecha a cargo de F\u00e1tima Florez, el Teatro Oficial Juan de Vera anuncia la segunda&hellip; <\/p>\n","protected":false},"author":8,"featured_media":217138,"comment_status":"closed","ping_status":"open","sticky":false,"template":"","format":"standard","meta":{"footnotes":""},"categories":[15],"tags":[],"class_list":["post-217137","post","type-post","status-publish","format-standard","has-post-thumbnail","hentry","category-cultura"],"_links":{"self":[{"href":"https:\/\/corrientesdetarde.com\/index.php\/wp-json\/wp\/v2\/posts\/217137","targetHints":{"allow":["GET"]}}],"collection":[{"href":"https:\/\/corrientesdetarde.com\/index.php\/wp-json\/wp\/v2\/posts"}],"about":[{"href":"https:\/\/corrientesdetarde.com\/index.php\/wp-json\/wp\/v2\/types\/post"}],"author":[{"embeddable":true,"href":"https:\/\/corrientesdetarde.com\/index.php\/wp-json\/wp\/v2\/users\/8"}],"replies":[{"embeddable":true,"href":"https:\/\/corrientesdetarde.com\/index.php\/wp-json\/wp\/v2\/comments?post=217137"}],"version-history":[{"count":1,"href":"https:\/\/corrientesdetarde.com\/index.php\/wp-json\/wp\/v2\/posts\/217137\/revisions"}],"predecessor-version":[{"id":217139,"href":"https:\/\/corrientesdetarde.com\/index.php\/wp-json\/wp\/v2\/posts\/217137\/revisions\/217139"}],"wp:featuredmedia":[{"embeddable":true,"href":"https:\/\/corrientesdetarde.com\/index.php\/wp-json\/wp\/v2\/media\/217138"}],"wp:attachment":[{"href":"https:\/\/corrientesdetarde.com\/index.php\/wp-json\/wp\/v2\/media?parent=217137"}],"wp:term":[{"taxonomy":"category","embeddable":true,"href":"https:\/\/corrientesdetarde.com\/index.php\/wp-json\/wp\/v2\/categories?post=217137"},{"taxonomy":"post_tag","embeddable":true,"href":"https:\/\/corrientesdetarde.com\/index.php\/wp-json\/wp\/v2\/tags?post=217137"}],"curies":[{"name":"wp","href":"https:\/\/api.w.org\/{rel}","templated":true}]}}