{"id":217286,"date":"2025-07-15T12:13:40","date_gmt":"2025-07-15T15:13:40","guid":{"rendered":"https:\/\/corrientesdetarde.com\/?p=217286"},"modified":"2025-07-15T12:13:44","modified_gmt":"2025-07-15T15:13:44","slug":"el-dolar-oficial-vuelve-a-subir-y-se-vende-a-1300-mientras-las-acciones-argentinas-en-wall-street-bajan-14","status":"publish","type":"post","link":"https:\/\/corrientesdetarde.com\/index.php\/economia\/el-dolar-oficial-vuelve-a-subir-y-se-vende-a-1300-mientras-las-acciones-argentinas-en-wall-street-bajan-14\/","title":{"rendered":"El d\u00f3lar oficial vuelve a subir y se vende a $1300, mientras las acciones argentinas en Wall Street bajan 1,4%"},"content":{"rendered":"\n<p>La divisa vuelve a abrir en alza, mientras los papeles locales en Nueva York profundizan los rojos. Qu\u00e9 pasa con los d\u00f3lares paralelos y el blue.<\/p>\n\n\n\n<p>Por segundo d\u00eda consecutivo, sube el\u00a0<strong>d\u00f3lar\u00a0oficial<\/strong>. Este martes 15 de julio, el tipo de cambio opera a\u00a0<strong>$1300\u00a0<\/strong>para la venta en las pantallas del Banco de la Naci\u00f3n Argentina\u00a0<strong>(BNA)<\/strong>. De esta manera, la divisa toc\u00f3 el techo de la banda y trepa\u00a0<strong>$85\u00a0<\/strong>en lo que va del mes.<\/p>\n\n\n\n<p>El d\u00f3lar mayorista sube $5 y opera a&nbsp;<strong>$1285<\/strong>. Los d\u00f3lares financieros, en tanto, se negocian a&nbsp;<strong>$1293,46<\/strong>, en el caso del MEP, y el contado con liquidaci\u00f3n, a<strong>&nbsp;$1296,71<\/strong>. En el mercado paralelo, el&nbsp;<strong>blue<\/strong>&nbsp;tambi\u00e9n cotiza al alza a&nbsp;<strong>$1350<\/strong>.<\/p>\n\n\n\n<p>El&nbsp;<strong>riesgo pa\u00eds<\/strong>, por su parte,&nbsp;se mantiene por encima de los 700 puntos b\u00e1sicos. El indicador que mide la confianza de los inversores se ubica en&nbsp;<strong>704 puntos<\/strong>.<\/p>\n\n\n\n<p>En el mercado burs\u00e1til, las acciones de&nbsp;<strong>las empresas argentinas que cotizan en Wall Street operan&nbsp;<\/strong>con mayor\u00eda de&nbsp;<strong>bajas<\/strong>. Lideran las ca\u00eddas los papeles de&nbsp;<em>ADR Tenaris<\/em>&nbsp;(<strong>-1,8%<\/strong>);&nbsp;<em>Edenor&nbsp;<\/em>(-1,4%) y&nbsp;<em>Corporaci\u00f3n Am\u00e9rica<\/em>&nbsp;(-1,2%). Mientras&nbsp;<em>Loma Negra y Telecom Argentina<\/em>&nbsp;muestran n\u00fameros en verde de hasta 0,7%.<\/p>\n\n\n\n<figure class=\"wp-block-image\"><img decoding=\"async\" src=\"https:\/\/tn.com.ar\/resizer\/v2\/foto-reuters-TLMMEOYWUREAJKWB5RFVNKECUQ.jpg?auth=06f53e88da0a8d4e9372524267dfce0be7d64b5bf9a76349e8a489e6e3f82530&amp;width=767\" alt=\"(Foto: Reuters)\"\/><\/figure>\n\n\n\n<p>Este martes, los mercados comenzaron a reaccionar ante la publicaci\u00f3n del dato de<strong>&nbsp;inflaci\u00f3n<\/strong>&nbsp;de junio de Estados Unidos. Los precios al consumidor subieron un&nbsp;<strong>2,7%<\/strong>&nbsp;en junio con respecto al mismo mes de 2024.<\/p>\n\n\n\n<p>As\u00ed, el \u00edndice&nbsp;<strong>Dow Jones y el S&amp;P 500&nbsp;<\/strong>operan con ca\u00eddas de&nbsp;<strong>hasta 0,69% y 0,05%<\/strong>. En tanto, el tecnol\u00f3gico&nbsp;<strong>Nasdaq gana 0,47%.<\/strong><\/p>\n\n\n\n<h2 class=\"wp-block-heading\">Mercado cambiario: a cu\u00e1nto operan el d\u00f3lar y las otras opciones cambiarias este 15 de julio<\/h2>\n\n\n\n<p>En el mercado cambiario, los d\u00f3lares financieros superan los $1290. El&nbsp;<strong>d\u00f3lar MEP&nbsp;<\/strong>se vende a<strong>&nbsp;$1293,46<\/strong>, tras retroceder 0,1%. El contado con liquidaci\u00f3n (CCL)se negocia a&nbsp;<strong>$1296,71<\/strong>.<\/p>\n\n\n\n<p>El<strong>&nbsp;d\u00f3lar oficial&nbsp;<\/strong>sube $5, cotiza este martes 15 de julio a&nbsp;<strong>$1250&nbsp;<\/strong>para la compra y<strong>&nbsp;$1300 para la venta<\/strong>&nbsp;en las pantallas del Banco de la Naci\u00f3n Argentina (BNA). El tipo de cambio escala $85 en lo que va del s\u00e9ptimo mes. El d\u00f3lar mayorista abre a&nbsp;<strong>$1285.<\/strong><\/p>\n\n\n\n<p>En tanto, el&nbsp;<strong>d\u00f3lar blue<\/strong>&nbsp;trepa $10 este martes. La divisa paralela opera a&nbsp;<strong>$1330&nbsp;<\/strong>para la compra y a&nbsp;<strong>$1350 para la venta&nbsp;<\/strong>en la Ciudad de Buenos Aires. En la primera quincena de julio, el blue escal\u00f3 $135.<\/p>\n","protected":false},"excerpt":{"rendered":"<p>La divisa vuelve a abrir en alza, mientras los papeles locales en Nueva York profundizan los rojos. Qu\u00e9 pasa con los d\u00f3lares paralelos y el blue. Por segundo d\u00eda consecutivo,&hellip; <\/p>\n","protected":false},"author":8,"featured_media":217287,"comment_status":"closed","ping_status":"open","sticky":false,"template":"","format":"standard","meta":{"footnotes":""},"categories":[20],"tags":[],"class_list":["post-217286","post","type-post","status-publish","format-standard","has-post-thumbnail","hentry","category-economia"],"_links":{"self":[{"href":"https:\/\/corrientesdetarde.com\/index.php\/wp-json\/wp\/v2\/posts\/217286","targetHints":{"allow":["GET"]}}],"collection":[{"href":"https:\/\/corrientesdetarde.com\/index.php\/wp-json\/wp\/v2\/posts"}],"about":[{"href":"https:\/\/corrientesdetarde.com\/index.php\/wp-json\/wp\/v2\/types\/post"}],"author":[{"embeddable":true,"href":"https:\/\/corrientesdetarde.com\/index.php\/wp-json\/wp\/v2\/users\/8"}],"replies":[{"embeddable":true,"href":"https:\/\/corrientesdetarde.com\/index.php\/wp-json\/wp\/v2\/comments?post=217286"}],"version-history":[{"count":1,"href":"https:\/\/corrientesdetarde.com\/index.php\/wp-json\/wp\/v2\/posts\/217286\/revisions"}],"predecessor-version":[{"id":217288,"href":"https:\/\/corrientesdetarde.com\/index.php\/wp-json\/wp\/v2\/posts\/217286\/revisions\/217288"}],"wp:featuredmedia":[{"embeddable":true,"href":"https:\/\/corrientesdetarde.com\/index.php\/wp-json\/wp\/v2\/media\/217287"}],"wp:attachment":[{"href":"https:\/\/corrientesdetarde.com\/index.php\/wp-json\/wp\/v2\/media?parent=217286"}],"wp:term":[{"taxonomy":"category","embeddable":true,"href":"https:\/\/corrientesdetarde.com\/index.php\/wp-json\/wp\/v2\/categories?post=217286"},{"taxonomy":"post_tag","embeddable":true,"href":"https:\/\/corrientesdetarde.com\/index.php\/wp-json\/wp\/v2\/tags?post=217286"}],"curies":[{"name":"wp","href":"https:\/\/api.w.org\/{rel}","templated":true}]}}