{"id":217301,"date":"2025-07-15T12:55:17","date_gmt":"2025-07-15T15:55:17","guid":{"rendered":"https:\/\/corrientesdetarde.com\/?p=217301"},"modified":"2025-07-15T12:55:19","modified_gmt":"2025-07-15T15:55:19","slug":"la-mesa-de-enlace-dijo-que-milei-prometio-bajar-las-retenciones-aseguro-que-lo-hara-ni-bien-pueda","status":"publish","type":"post","link":"https:\/\/corrientesdetarde.com\/index.php\/economia\/la-mesa-de-enlace-dijo-que-milei-prometio-bajar-las-retenciones-aseguro-que-lo-hara-ni-bien-pueda\/","title":{"rendered":"La mesa de enlace dijo que Milei prometi\u00f3 bajar las retenciones: \u201cAsegur\u00f3 que lo har\u00e1 ni bien pueda\u201d"},"content":{"rendered":"\n<p>La titular de Federaci\u00f3n Agraria, Andrea Sarnari, dijo que el Presidente les dio su compromiso que la pr\u00f3xima reducci\u00f3n del tributo ser\u00e1 definitiva y no transitoria. El encuentro dur\u00f3 casi dos horas.<\/p>\n\n\n\n<p>En un clima de creciente tensi\u00f3n con el agro, el presidente\u00a0<strong>Javier Milei<\/strong>\u00a0<strong>reuni\u00f3 por primera vez a los representantes de la\u00a0mesa de enlace<\/strong> en el predio de La Rural, en Palermo. Luego de casi dos horas de encuentro, el Presidente se retir\u00f3 sin hacer declaraciones ni pasar por la pista. Aunque s\u00ed hablaron los referentes del campo, que dijeron que el mandatario les prometi\u00f3 que el pr\u00f3ximo impuesto que reducir\u00e1 ser\u00e1n las\u00a0<strong>retenciones:<\/strong>\u00a0\u201cAsegur\u00f3 que lo har\u00e1 ni bien pueda\u201d.<\/p>\n\n\n\n<p>La titular de la Federaci\u00f3n Agraria Argentina (FAA),<strong>&nbsp;Andrea Sarnari,<\/strong>&nbsp;dijo en declaraciones a la prensa: \u201cEn cuanto a retenciones el compromiso de Milei fue que<strong>&nbsp;las tiene en la mira,&nbsp;<\/strong>que va a ser el&nbsp;<strong>pr\u00f3ximo impuesto que va a bajar,<\/strong>&nbsp;para el sector productivo. Tambi\u00e9n el compromiso de que la pr\u00f3xima rebaja de retenciones sea&nbsp;<strong>definitiva y no transitoria.<\/strong>&nbsp;No dio fechas exactas, si llevo el compromiso que lo va a hacer, prontamente, ni bien pueda\u201d.<\/p>\n\n\n\n<p>Esta fue la primera reuni\u00f3n formal entre el mandatario y las principales entidades del sector, que llegaron con una agenda cargada de reclamos: la finalizaci\u00f3n de la baja temporal de las retenciones a la soja y el ma\u00edz, los cambios en organismos clave como el INTA y el INASE, y la rentabilidad de los productores.<\/p>\n\n\n\n<p>De la reuni\u00f3n participaron, adem\u00e1s del Presidente y Sarnari, la secretaria General de la Presidencia, Karina Milei, y los dirigentes agrarios: Nicol\u00e1s Pino, de la Sociedad Rural Argentina (SRA), Lucas Magnano, de la Confederaci\u00f3n Intercooperativa Agropecuaria (Coninagro) y Carlos Castagnani, Confederaciones Rurales Argentinas (CRA).<\/p>\n\n\n\n<p>El encuentro fue impulsado por Pino, qun d\u00edas atr\u00e1s se encontr\u00f3 con el mandatario nacional para entregarle la invitaci\u00f3n al acto inaugural de la<strong>&nbsp;Exposici\u00f3n Rural<\/strong>&nbsp;de Palermo, que se celebrar\u00e1 del 17 al 27 de julio.<\/p>\n\n\n\n<p>Previo a la cumbre el jefe de la SRA plante\u00f3 un nuevo reclamo contra el Presidente y se refiri\u00f3 a la infraestructura vial.&nbsp;<strong>\u201cEs calamitoso el estado de las rutas.<\/strong>&nbsp;No solo se complica transitar, sino que ponemos en riesgo la vida todo el tiempo\u201d, se\u00f1al\u00f3 el presidente de la SRA.<\/p>\n\n\n\n<p>En di\u00e1logo con&nbsp;<em>Radio Mitre<\/em>, agreg\u00f3: \u201cEn funci\u00f3n de que el pa\u00eds tiene que producir m\u00e1s, porque tenemos condiciones para producir m\u00e1s,&nbsp;<strong>necesitamos que lo producido tambi\u00e9n se pueda transportar\u201d.<\/strong><\/p>\n\n\n\n<figure class=\"wp-block-image\"><img decoding=\"async\" src=\"https:\/\/tn.com.ar\/resizer\/v2\/la-mesa-de-enlace-esta-compuesta-por-la-sociedad-rural-argentina-sra-confederaciones-rurales-argentinas-cra-federacion-agraria-argentina-faa-y-coninagro-foto-x-craprensa-56H24FLRPVDE5NQZKIE3QRBENU.jpg?auth=ac847ccd80a58db0b1bdc3512237af352d41f82a8441ba5e4d81aa24ccde6009&amp;width=767\" alt=\"La Mesa de Enlace est\u00e1 compuesta por la Sociedad Rural Argentina (SRA), Confederaciones Rurales Argentinas (CRA), Federaci\u00f3n Agraria Argentina (FAA) y Coninagro. (Foto: X \/ @CRAPrensa)\"\/><\/figure>\n\n\n\n<p>\u201cEs una demanda que le hacemos al Gobierno, pero no en funci\u00f3n \u00fanicamente de nuestro sector. Por esas rutas circulamos nosotros, nuestras familias y todas las familias del pa\u00eds\u201d, agreg\u00f3.<\/p>\n\n\n\n<p>En paralelo, Pino destac\u00f3 la actitud de Milei de reunirse con los dirigentes de las principales entidades rurales: \u201cTenemos expectativas y estamos muy contentos porque que venga el presidente hoy a estar con la mesa de enlace, a conversar. Me parece que&nbsp;<strong>los gestos valen m\u00e1s que las palabras\u201d.<\/strong><\/p>\n\n\n\n<p>El presidente de la Sociedad Rural reconoci\u00f3 que hay tensi\u00f3n con el Gobierno, pero trat\u00f3 de bajarle el tono al malestar: \u201cLa actividad del campo es muy amplia, hay lugares o producciones donde los n\u00fameros son muy finos. Y producciones como la ganader\u00eda que est\u00e1n viendo buenos n\u00fameros y condiciones para el trabajo\u201d<\/p>\n\n\n\n<p>\u201cVenimos hablando con el Gobierno Nacional, estoy muy embalado con la decisi\u00f3n del Presidente de que venga a hablar con nosotros.&nbsp;<strong>Con otros gobiernos no ocurr\u00eda\u201d<\/strong>, cerr\u00f3.<\/p>\n\n\n\n<p>El encuentro se da despu\u00e9s de que se termin\u00f3 la<strong>&nbsp;reducci\u00f3n temporal de retenciones para soja y ma\u00edz<\/strong>. Desde el 30 de junio, ambos cultivos volvieron a tributar:&nbsp;<strong>33% para la soja y 12% para el ma\u00edz<\/strong>.<\/p>\n\n\n\n<p>La decisi\u00f3n del Gobierno gener\u00f3 un fuerte malestar en el sector que asegura que, con estos niveles de&nbsp;<strong>presi\u00f3n fiscal<\/strong>, los m\u00e1rgenes productivos son pr\u00e1cticamente nulos.<\/p>\n\n\n\n<p>Un informe reciente de&nbsp;<strong>CREA&nbsp;<\/strong>advirti\u00f3 que, con retenciones al 33%,&nbsp;<strong>el 80% del \u00e1rea sembrada con soja queda por debajo del umbral de rentabilidad<\/strong>, tomando como referencia los rindes promedio de los \u00faltimos cinco a\u00f1os. A eso se suma un&nbsp;<strong>tipo de cambio real<\/strong>&nbsp;que, pese a las subas del d\u00f3lar financiero, sigue siendo considerado bajo por el sector agroexportador.<\/p>\n\n\n\n<p>La tensi\u00f3n no es nueva. En&nbsp;<strong>Carbap&nbsp;<\/strong>\u2014la Confederaci\u00f3n que nuclea a las rurales de Buenos Aires y La Pampa\u2014 ya hab\u00edan expresado su enojo por la falta de di\u00e1logo previo a la reimposici\u00f3n de las retenciones.&nbsp;<strong>\u201cEste Gobierno todav\u00eda no cumpli\u00f3 nada\u201d<\/strong>, critic\u00f3 d\u00edas atr\u00e1s el titular de esa entidad, Ignacio Kovarsky, al remarcar que los tributos sobre las exportaciones son&nbsp;<strong>\u201cun robo, con cualquier gobierno\u201d<\/strong>, y que la situaci\u00f3n del productor&nbsp;<strong>\u201cya no da para m\u00e1s\u201d<\/strong>.<\/p>\n\n\n\n<p>La presidenta de la Federaci\u00f3n Agraria,&nbsp;<strong>Andrea Sarnari<\/strong>, anticip\u00f3 que en el encuentro con el Presidente insistir\u00e1n con la necesidad de que las reducciones de retenciones sean graduales pero definitivas. Tambi\u00e9n llevar\u00e1n reclamos por la&nbsp;<strong>p\u00e9rdida de autonom\u00eda del INTA<\/strong>, que dej\u00f3 de ser un organismo descentralizado para transformarse en desconcentrado, con un presidente designado directamente por la Secretar\u00eda de Agricultura.<\/p>\n\n\n\n<p>Adem\u00e1s, los ruralistas buscar\u00e1n discutir el&nbsp;<strong>levantamiento de la barrera sanitaria patag\u00f3nica<\/strong>&nbsp;\u2014que habilitar\u00eda el ingreso de carne con hueso desde el norte\u2014 y exigir mayor previsibilidad en las pol\u00edticas p\u00fablicas para el agro. \u201c<strong>Es todo un gesto<\/strong>&nbsp;que el Presidente nos reciba, sobre todo en un momento tan convulsionado\u201d, destac\u00f3 Pino. Sin embargo, advirti\u00f3 que el di\u00e1logo&nbsp;<strong>\u201ctiene que venir acompa\u00f1ado de decisiones concretas\u201d<\/strong>.<\/p>\n\n\n\n<p>En la reuni\u00f3n de este martes estar\u00e1n presentes los titulares de&nbsp;<strong>Confederaciones Rurales&nbsp;<\/strong>(CRA),&nbsp;<strong>Federaci\u00f3n Agraria<\/strong>&nbsp;(FAA) y&nbsp;<strong>Coninagro<\/strong>.<\/p>\n\n\n\n<figure class=\"wp-block-image size-large\"><img loading=\"lazy\" decoding=\"async\" width=\"1024\" height=\"573\" src=\"https:\/\/corrientesdetarde.com\/wp-content\/uploads\/2025\/07\/image-435-1024x573.png\" alt=\"\" class=\"wp-image-217303\" srcset=\"https:\/\/corrientesdetarde.com\/wp-content\/uploads\/2025\/07\/image-435-1024x573.png 1024w, https:\/\/corrientesdetarde.com\/wp-content\/uploads\/2025\/07\/image-435-300x168.png 300w, https:\/\/corrientesdetarde.com\/wp-content\/uploads\/2025\/07\/image-435-768x430.png 768w, https:\/\/corrientesdetarde.com\/wp-content\/uploads\/2025\/07\/image-435.png 1440w\" sizes=\"auto, (max-width: 1024px) 100vw, 1024px\" \/><\/figure>\n","protected":false},"excerpt":{"rendered":"<p>La titular de Federaci\u00f3n Agraria, Andrea Sarnari, dijo que el Presidente les dio su compromiso que la pr\u00f3xima reducci\u00f3n del tributo ser\u00e1 definitiva y no transitoria. El encuentro dur\u00f3 casi&hellip; <\/p>\n","protected":false},"author":8,"featured_media":217302,"comment_status":"closed","ping_status":"open","sticky":false,"template":"","format":"standard","meta":{"footnotes":""},"categories":[20],"tags":[],"class_list":["post-217301","post","type-post","status-publish","format-standard","has-post-thumbnail","hentry","category-economia"],"_links":{"self":[{"href":"https:\/\/corrientesdetarde.com\/index.php\/wp-json\/wp\/v2\/posts\/217301","targetHints":{"allow":["GET"]}}],"collection":[{"href":"https:\/\/corrientesdetarde.com\/index.php\/wp-json\/wp\/v2\/posts"}],"about":[{"href":"https:\/\/corrientesdetarde.com\/index.php\/wp-json\/wp\/v2\/types\/post"}],"author":[{"embeddable":true,"href":"https:\/\/corrientesdetarde.com\/index.php\/wp-json\/wp\/v2\/users\/8"}],"replies":[{"embeddable":true,"href":"https:\/\/corrientesdetarde.com\/index.php\/wp-json\/wp\/v2\/comments?post=217301"}],"version-history":[{"count":1,"href":"https:\/\/corrientesdetarde.com\/index.php\/wp-json\/wp\/v2\/posts\/217301\/revisions"}],"predecessor-version":[{"id":217304,"href":"https:\/\/corrientesdetarde.com\/index.php\/wp-json\/wp\/v2\/posts\/217301\/revisions\/217304"}],"wp:featuredmedia":[{"embeddable":true,"href":"https:\/\/corrientesdetarde.com\/index.php\/wp-json\/wp\/v2\/media\/217302"}],"wp:attachment":[{"href":"https:\/\/corrientesdetarde.com\/index.php\/wp-json\/wp\/v2\/media?parent=217301"}],"wp:term":[{"taxonomy":"category","embeddable":true,"href":"https:\/\/corrientesdetarde.com\/index.php\/wp-json\/wp\/v2\/categories?post=217301"},{"taxonomy":"post_tag","embeddable":true,"href":"https:\/\/corrientesdetarde.com\/index.php\/wp-json\/wp\/v2\/tags?post=217301"}],"curies":[{"name":"wp","href":"https:\/\/api.w.org\/{rel}","templated":true}]}}