{"id":217323,"date":"2025-07-15T13:11:56","date_gmt":"2025-07-15T16:11:56","guid":{"rendered":"https:\/\/corrientesdetarde.com\/?p=217323"},"modified":"2025-07-15T13:12:26","modified_gmt":"2025-07-15T16:12:26","slug":"asi-fue-el-esperado-regreso-de-mario-pergolini-a-la-tv-humor-politico-y-una-gran-entrevista-a-francella","status":"publish","type":"post","link":"https:\/\/corrientesdetarde.com\/index.php\/espectaculos\/asi-fue-el-esperado-regreso-de-mario-pergolini-a-la-tv-humor-politico-y-una-gran-entrevista-a-francella\/","title":{"rendered":"As\u00ed fue el esperado regreso de Mario Pergolini a la TV: humor pol\u00edtico y una gran entrevista a Francella"},"content":{"rendered":"\n<p>Despu\u00e9s de 15 a\u00f1os, el conductor volvi\u00f3 a estar al frente de un ciclo televisivo en el debut de \u201cOtro d\u00eda perdido\u201d. Se trata de una propuesta novedosa, pero que mantiene su impronta.<\/p>\n\n\n\n<p>Despu\u00e9s de m\u00e1s de una d\u00e9cada lejos de la televisi\u00f3n,\u00a0<strong>Mario Pergolini\u00a0hizo su esperado regreso.<\/strong>\u00a0Lo hizo este lunes por la noche con el estreno de\u00a0<em><strong>Otro D\u00eda Perdido<\/strong>\u00a0(eltrece)<\/em>, un programa que analiza la actualidad con un humor \u00e1cido y que promete tener invitados de lujo.<\/p>\n\n\n\n<p>El conductor fue fiel a su estilo y volvi\u00f3 a escena con su habitual iron\u00eda. Su aparici\u00f3n fue un gui\u00f1o a sus fans de siempre, ya que ingres\u00f3 al estudio con una dosis de nostalgia:&nbsp;<strong>un traje oscuro y los cl\u00e1sicos anteojos negros, un look que inevitablemente evoc\u00f3 a los tiempos de&nbsp;<\/strong><em><strong>CQC<\/strong><\/em>.<\/p>\n\n\n\n<p>El debut arranc\u00f3 pasadas las 22:30 y tuvo como figura central a Guillermo Francella. A lo largo del env\u00edo se combinaron mon\u00f3logos, sketches y an\u00e1lisis de noticias con mucho sarcasmo. Adem\u00e1s, en m\u00e1s de una oportunidad, el presentador aprovech\u00f3 para re\u00edrse de s\u00ed mismo por haber dicho en m\u00e1s de una oportunidad que la TV est\u00e1 obsoleta.<\/p>\n\n\n\n<p>El gui\u00f3n del ciclo est\u00e1 a cargo de<strong>&nbsp;Alejandro Borensztein<\/strong>, con idea original de&nbsp;<strong>Diego Guebel<\/strong>,&nbsp;<strong>Pergolini&nbsp;<\/strong>y&nbsp;<strong>Agust\u00edn \u201cRadagast\u201d Aristar\u00e1n<\/strong>, quien tambi\u00e9n participa como co-conductor junto a&nbsp;<strong>Laila Roth<\/strong>. La locuci\u00f3n, por su parte, qued\u00f3 en manos de&nbsp;<strong>Paulina Cocina<\/strong>, quien aport\u00f3 una cuota de humor inesperada.<\/p>\n\n\n\n<p>En su primer mon\u00f3logo, Pergolini no esquiv\u00f3 la autocr\u00edtica ni el humor autorreferencial.&nbsp;<strong>\u201cAc\u00e1 estamos, ya est\u00e1. Me voy. Me retiro\u201d<\/strong>, lanz\u00f3 apenas empez\u00f3 el ciclo, desatando las primeras carcajadas en el estudio.<\/p>\n\n\n\n<p>Luego dispar\u00f3 para todos lados. No solo hizo varios comentarios filosos acerca de la condena a Cristina Kirchner sino que tambi\u00e9n aprovech\u00f3 para lanzar algunos chistes sobre la tensa relaci\u00f3n entre el presidente Javier Milei y Victoria Villarruel.<\/p>\n\n\n\n<figure class=\"wp-block-image\"><img decoding=\"async\" src=\"https:\/\/tn.com.ar\/resizer\/v2\/agustin-radagast-aristaran-y-laila-roth-acompanan-a-mario-pergolini-en-otro-dia-perdido-foto-captura-eltrece-KFVLQ5T3BBFVTHRSHIYQWW4RBA.jpg?auth=10f6c20fcb66ed3093e3415818ae0a4f8f5818341b45f5658c000b352b2c65c8&amp;width=767\" alt=\"Agust\u00edn \u201cRadagast\u201d Aristar\u00e1n y Laila Roth acompa\u00f1an a Mario Pergolini en &quot;Otro d\u00eda perdido&quot;. (Foto: Captura eltrece)\"\/><\/figure>\n\n\n\n<p>Sin pelos en la lengua, acot\u00f3:&nbsp;<strong>\u201cLos libertarios tienen algo bueno, no son solo intolerantes con el resto, tambi\u00e9n son intolerantes entre ellos\u201d<\/strong>. Y agreg\u00f3:&nbsp;<strong>\u201cNo s\u00e9 si notaron que Villarruel est\u00e1 cada vez m\u00e1s parecida a Cristina\u201d<\/strong>.<\/p>\n\n\n\n<p>Varias parodias fueron apareciendo a lo largo de este primer programa.&nbsp;<strong>Una de las mismas hizo referencia a la inmobiliaria&nbsp;<\/strong><em><strong>Rem\u00e1ximo<\/strong><\/em><strong>, en clara referencia al diputado M\u00e1ximo Kirchner,<\/strong>&nbsp;que les propon\u00eda a los supuestos interesados la posibilidad de comprar un departamento en el mismo edificio en el que la exmandataria cumple la prisi\u00f3n domiciliaria.<\/p>\n\n\n\n<p>El segmento cerr\u00f3 con un clip generado por inteligencia artificial, que reuni\u00f3 im\u00e1genes manipuladas de Javier Milei, Cristina Fern\u00e1ndez de Kirchner, Mauricio Macri y Alberto Fern\u00e1ndez.<\/p>\n\n\n\n<p>M\u00e1s all\u00e1 del entusiasmo que le gener\u00f3 este retorno a la pantalla chica, Pergolini tuvo un divertido sincericidio cuando le mand\u00f3 un saludo especial al director de programaci\u00f3n de&nbsp;<em>eltrece<\/em>.&nbsp;<strong>\u201cGracias Adri\u00e1n (Suar) por traerme de vuelta, lo necesitaba\u2026 sobre todo por problemas econ\u00f3micos\u201d<\/strong>, dijo entre risas.<\/p>\n\n\n\n<figure class=\"wp-block-image\"><img decoding=\"async\" src=\"https:\/\/tn.com.ar\/resizer\/v2\/guillermo-francella-fue-el-primer-invitado-de-otro-dia-perdido-foto-captura-eltrece-UFFWLFIB4FF2FKVRQQACLW2PYA.jpg?auth=b62fae8bfdd2772ff8dcd91fc7b60e4629c2085f4706f40da1bdbae9eba6ac7f&amp;width=767\" alt=\"Guillermo Francella fue el primer invitado de &quot;Otro d\u00eda perdido&quot;. (Foto: Captura eltrece)\"\/><\/figure>\n\n\n\n<p>En el \u00faltimo bloque,\u00a0<strong>Guillermo Francella\u00a0se sent\u00f3 en el div\u00e1n para la entrevista y dio a conocer aspectos muy interesantes de su vida<\/strong>: desde su pasado como periodista hasta su capacidad de retener los di\u00e1logos de cada uno de los personajes que interpret\u00f3 a lo largo de su carrera.<\/p>\n\n\n\n<p>Por otra parte, el actor tambi\u00e9n se anim\u00f3 a participar de un excelente juego de magia de Rada, que le puso un poco de tensi\u00f3n a la noche.<\/p>\n\n\n\n<p>As\u00ed, con una propuesta novedosa que mezcla actualidad, humor, Pergolini volvi\u00f3 a marcar presencia en la pantalla. Su regreso, lejos de pasar desapercibido, promete dar que hablar noche tras noche.<\/p>\n\n\n\n<h2 class=\"wp-block-heading\">Pergolini fue tendencia<\/h2>\n\n\n\n<p>La expectativa por el regreso de&nbsp;<strong>Mario Pergolini<\/strong>&nbsp;a la televisi\u00f3n abierto lo puso en tendencia en las redes sociales y tambi\u00e9n en el&nbsp;<strong>buscador Google<\/strong>. Las b\u00fasqueda sobre el conductor se fueron incrementando poco antes del estreno del programa y siguen con el correr de las horas, como muestra&nbsp;<strong>Google Trends.<\/strong><\/p>\n\n\n\n<figure class=\"wp-block-image size-large\"><img loading=\"lazy\" decoding=\"async\" width=\"1024\" height=\"601\" src=\"https:\/\/corrientesdetarde.com\/wp-content\/uploads\/2025\/07\/image-448-1024x601.png\" alt=\"\" class=\"wp-image-217324\" srcset=\"https:\/\/corrientesdetarde.com\/wp-content\/uploads\/2025\/07\/image-448-1024x601.png 1024w, https:\/\/corrientesdetarde.com\/wp-content\/uploads\/2025\/07\/image-448-300x176.png 300w, https:\/\/corrientesdetarde.com\/wp-content\/uploads\/2025\/07\/image-448-768x451.png 768w, https:\/\/corrientesdetarde.com\/wp-content\/uploads\/2025\/07\/image-448.png 1440w\" sizes=\"auto, (max-width: 1024px) 100vw, 1024px\" \/><\/figure>\n\n\n\n<p>Las b\u00fasquedas relacionadas principales giraron todas sobre la figura del conductor.<\/p>\n\n\n\n<figure class=\"wp-block-image size-large\"><img loading=\"lazy\" decoding=\"async\" width=\"1024\" height=\"728\" src=\"https:\/\/corrientesdetarde.com\/wp-content\/uploads\/2025\/07\/image-449-1024x728.png\" alt=\"\" class=\"wp-image-217325\" srcset=\"https:\/\/corrientesdetarde.com\/wp-content\/uploads\/2025\/07\/image-449-1024x728.png 1024w, https:\/\/corrientesdetarde.com\/wp-content\/uploads\/2025\/07\/image-449-300x213.png 300w, https:\/\/corrientesdetarde.com\/wp-content\/uploads\/2025\/07\/image-449-768x546.png 768w, https:\/\/corrientesdetarde.com\/wp-content\/uploads\/2025\/07\/image-449.png 1440w\" sizes=\"auto, (max-width: 1024px) 100vw, 1024px\" \/><\/figure>\n","protected":false},"excerpt":{"rendered":"<p>Despu\u00e9s de 15 a\u00f1os, el conductor volvi\u00f3 a estar al frente de un ciclo televisivo en el debut de \u201cOtro d\u00eda perdido\u201d. Se trata de una propuesta novedosa, pero que&hellip; <\/p>\n","protected":false},"author":8,"featured_media":217326,"comment_status":"closed","ping_status":"open","sticky":false,"template":"","format":"standard","meta":{"footnotes":""},"categories":[19],"tags":[],"class_list":["post-217323","post","type-post","status-publish","format-standard","has-post-thumbnail","hentry","category-espectaculos"],"_links":{"self":[{"href":"https:\/\/corrientesdetarde.com\/index.php\/wp-json\/wp\/v2\/posts\/217323","targetHints":{"allow":["GET"]}}],"collection":[{"href":"https:\/\/corrientesdetarde.com\/index.php\/wp-json\/wp\/v2\/posts"}],"about":[{"href":"https:\/\/corrientesdetarde.com\/index.php\/wp-json\/wp\/v2\/types\/post"}],"author":[{"embeddable":true,"href":"https:\/\/corrientesdetarde.com\/index.php\/wp-json\/wp\/v2\/users\/8"}],"replies":[{"embeddable":true,"href":"https:\/\/corrientesdetarde.com\/index.php\/wp-json\/wp\/v2\/comments?post=217323"}],"version-history":[{"count":1,"href":"https:\/\/corrientesdetarde.com\/index.php\/wp-json\/wp\/v2\/posts\/217323\/revisions"}],"predecessor-version":[{"id":217327,"href":"https:\/\/corrientesdetarde.com\/index.php\/wp-json\/wp\/v2\/posts\/217323\/revisions\/217327"}],"wp:featuredmedia":[{"embeddable":true,"href":"https:\/\/corrientesdetarde.com\/index.php\/wp-json\/wp\/v2\/media\/217326"}],"wp:attachment":[{"href":"https:\/\/corrientesdetarde.com\/index.php\/wp-json\/wp\/v2\/media?parent=217323"}],"wp:term":[{"taxonomy":"category","embeddable":true,"href":"https:\/\/corrientesdetarde.com\/index.php\/wp-json\/wp\/v2\/categories?post=217323"},{"taxonomy":"post_tag","embeddable":true,"href":"https:\/\/corrientesdetarde.com\/index.php\/wp-json\/wp\/v2\/tags?post=217323"}],"curies":[{"name":"wp","href":"https:\/\/api.w.org\/{rel}","templated":true}]}}