{"id":217328,"date":"2025-07-15T13:15:13","date_gmt":"2025-07-15T16:15:13","guid":{"rendered":"https:\/\/corrientesdetarde.com\/?p=217328"},"modified":"2025-07-15T13:15:27","modified_gmt":"2025-07-15T16:15:27","slug":"tragedia-en-australia-un-bebe-de-siete-meses-murio-tras-caer-en-un-lago-durante-un-campamento-familiar","status":"publish","type":"post","link":"https:\/\/corrientesdetarde.com\/index.php\/internacionales\/tragedia-en-australia-un-bebe-de-siete-meses-murio-tras-caer-en-un-lago-durante-un-campamento-familiar\/","title":{"rendered":"Tragedia en Australia: un beb\u00e9 de siete meses muri\u00f3 tras caer en un lago durante un campamento familiar"},"content":{"rendered":"\n<p>Las autoridades investigan las circunstancias en las que el chiquito lleg\u00f3 al agua. El caso est\u00e1 repleto de interrogantes.<\/p>\n\n\n\n<p><strong>Un beb\u00e9 de siete meses muri\u00f3 tras caer a un lago<\/strong>. Su mam\u00e1 lo sac\u00f3 del agua inconsciente y las personas que estaban en el lugar la ayudaron a&nbsp;<strong>practicarle reanimaci\u00f3n cardiopulmonar (RCP)<\/strong>. Inmediatamente llegaron los servicios de emergencia, que lo trasladaron a un centro de salud donde<strong>&nbsp;fue declarado muerto horas m\u00e1s tarde<\/strong>.<\/p>\n\n\n\n<p>El dram\u00e1tico episodio ocurri\u00f3 durante la ma\u00f1ana del s\u00e1bado en un parque de Australia.&nbsp;<strong>El menor estaba junto a sus dos padres en un campamento<\/strong>, disfrutando de unas vacaciones familiares. Las autoridades no pudieron determinar c\u00f3mo lleg\u00f3 al agua y<strong>&nbsp;el caso est\u00e1 rodeado de misterios<\/strong>.<\/p>\n\n\n\n<p>Este martes,<strong>&nbsp;la Polic\u00eda detuvo a un hombre de 42 a\u00f1os&nbsp;<\/strong>bajo la acusaci\u00f3n de&nbsp;<strong>homicidio involuntario<\/strong>. Si bien no trascendi\u00f3 su identidad, un vocero le dijo a&nbsp;<em>The Post&nbsp;<\/em>que el sospechoso era \u201cconocido por el ni\u00f1o\u201d.<\/p>\n\n\n\n<figure class=\"wp-block-image\"><img decoding=\"async\" src=\"https:\/\/tn.com.ar\/resizer\/v2\/la-policia-detuvo-a-un-hombre-de-42-anos-bajo-la-acusacion-de-homicidio-involuntario-foto-youtube7news-australia-M6NC6SNCEREUBFVUPPUUJO66OY.png?auth=ea27cf04a86a48c2b7726b50865cb772d3c091a85d1ee68adbfe74e74db45d1b&amp;width=767\" alt=\"La Polic\u00eda detuvo a un hombre de 42 a\u00f1os bajo la acusaci\u00f3n de homicidio involuntario. (Foto: YouTube\/7NEWS Australia)\"\/><\/figure>\n\n\n\n<p>\u201cHay partes que faltan que conducen (a la muerte) que tenemos que tratar de establecer\u201d, se\u00f1al\u00f3 el inspector Craig Mansfield, seg\u00fan inform\u00f3 la emisora&nbsp;<em>Australian Broadcasting Corporation<\/em>.<\/p>\n\n\n\n<h2 class=\"wp-block-heading\">C\u00f3mo ocurri\u00f3 la muerte del beb\u00e9<\/h2>\n\n\n\n<p>A eso de las 10:40 (hora local) del pasado s\u00e1bado, la mam\u00e1 del menor&nbsp;<strong>lo sac\u00f3 del agua en estado inconsciente<\/strong>. Los servicios de emergencia atendieron un llamado de urgencia que indicaba la presencia de un beb\u00e9 \u201cno receptivo\u201d en un parque en Chatsworth, Queensland, seg\u00fan inform\u00f3 la polic\u00eda de Queensland en un comunicado.<\/p>\n\n\n\n<figure class=\"wp-block-image\"><img decoding=\"async\" src=\"https:\/\/tn.com.ar\/resizer\/v2\/la-mama-saco-al-chiquito-inconsciente-del-agua-foto-youtube7news-australia-N77UCQZB65EWHOIKSGM3VCZW54.png?auth=013eaf8d6f7f0395e44c38f561ae757b72b301079e24dc79e2534739cc50b2d6&amp;width=767\" alt=\"La mam\u00e1 sac\u00f3 al chiquito inconsciente del agua. (Foto: YouTube\/7NEWS Australia)\"\/><\/figure>\n\n\n\n<p>\u201cEl ni\u00f1o fue transportado al hospital para recibir tratamiento; sin embargo,<strong>&nbsp;fue declarado muerto esa noche<\/strong>\u201d, dijo la polic\u00eda. Las primeras pericias indican que el beb\u00e9&nbsp;<strong>se hab\u00eda ahogado<\/strong>, pero hasta el momento no pudieron determinar las circunstancias en las que el chiquito lleg\u00f3 al agua.<\/p>\n\n\n\n<p>Las autoridades<strong>&nbsp;trabajan intensamente en la investigaci\u00f3n para averiguar c\u00f3mo pas\u00f3 todo<\/strong>. \u201cHemos tenido muchos campistas que se quedan all\u00ed durante la noche, y tambi\u00e9n hemos tenido mucha gente que aparece para usar las instalaciones y el parque\u201d, revel\u00f3 Mansfield, aunque aclar\u00f3: \u201cSomos conscientes de que<strong>&nbsp;algunas personas se han ido en el momento del ahogamiento de este ni\u00f1o<\/strong>\u201d.<\/p>\n\n\n\n<p>Ahora, buscan rastrear a los ocupantes de los autos que estaban estacionados en \u00e1reas cercanas para&nbsp;<strong>tomarles declaraci\u00f3n y obtener alg\u00fan dato que sirva para esclarecer el caso<\/strong>. La investigaci\u00f3n contin\u00faa con la participaci\u00f3n de la unidad de trauma infantil y el escuadr\u00f3n de investigaci\u00f3n de homicidios.<\/p>\n","protected":false},"excerpt":{"rendered":"<p>Las autoridades investigan las circunstancias en las que el chiquito lleg\u00f3 al agua. El caso est\u00e1 repleto de interrogantes. Un beb\u00e9 de siete meses muri\u00f3 tras caer a un lago.&hellip; <\/p>\n","protected":false},"author":8,"featured_media":217329,"comment_status":"closed","ping_status":"open","sticky":false,"template":"","format":"standard","meta":{"footnotes":""},"categories":[11],"tags":[],"class_list":["post-217328","post","type-post","status-publish","format-standard","has-post-thumbnail","hentry","category-internacionales"],"_links":{"self":[{"href":"https:\/\/corrientesdetarde.com\/index.php\/wp-json\/wp\/v2\/posts\/217328","targetHints":{"allow":["GET"]}}],"collection":[{"href":"https:\/\/corrientesdetarde.com\/index.php\/wp-json\/wp\/v2\/posts"}],"about":[{"href":"https:\/\/corrientesdetarde.com\/index.php\/wp-json\/wp\/v2\/types\/post"}],"author":[{"embeddable":true,"href":"https:\/\/corrientesdetarde.com\/index.php\/wp-json\/wp\/v2\/users\/8"}],"replies":[{"embeddable":true,"href":"https:\/\/corrientesdetarde.com\/index.php\/wp-json\/wp\/v2\/comments?post=217328"}],"version-history":[{"count":1,"href":"https:\/\/corrientesdetarde.com\/index.php\/wp-json\/wp\/v2\/posts\/217328\/revisions"}],"predecessor-version":[{"id":217330,"href":"https:\/\/corrientesdetarde.com\/index.php\/wp-json\/wp\/v2\/posts\/217328\/revisions\/217330"}],"wp:featuredmedia":[{"embeddable":true,"href":"https:\/\/corrientesdetarde.com\/index.php\/wp-json\/wp\/v2\/media\/217329"}],"wp:attachment":[{"href":"https:\/\/corrientesdetarde.com\/index.php\/wp-json\/wp\/v2\/media?parent=217328"}],"wp:term":[{"taxonomy":"category","embeddable":true,"href":"https:\/\/corrientesdetarde.com\/index.php\/wp-json\/wp\/v2\/categories?post=217328"},{"taxonomy":"post_tag","embeddable":true,"href":"https:\/\/corrientesdetarde.com\/index.php\/wp-json\/wp\/v2\/tags?post=217328"}],"curies":[{"name":"wp","href":"https:\/\/api.w.org\/{rel}","templated":true}]}}