{"id":217385,"date":"2025-07-16T06:24:17","date_gmt":"2025-07-16T09:24:17","guid":{"rendered":"https:\/\/corrientesdetarde.com\/?p=217385"},"modified":"2025-07-16T06:24:20","modified_gmt":"2025-07-16T09:24:20","slug":"allanaron-casa-buscando-una-bicicleta-robada","status":"publish","type":"post","link":"https:\/\/corrientesdetarde.com\/index.php\/policiales\/allanaron-casa-buscando-una-bicicleta-robada\/","title":{"rendered":"Allanaron casa buscando una bicicleta robada"},"content":{"rendered":"\n<p>En el procedimiento demoraron a dos j\u00f3venes por entorpecer el trabajo de los efectivos y secuestran una motocicleta, porque tend\u00eda anormalidades en el estampado de identificaci\u00f3n alfanum\u00e9rica.<\/p>\n\n\n\n<p>La Polic\u00eda allan\u00f3 una vivienda de la capital provincial a la b\u00fasqueda de una bicicleta robada la semana pasada de un establecimiento de educaci\u00f3n p\u00fablica.<\/p>\n\n\n\n<p>El veh\u00edculo fue sustra\u00eddo el martes 8 de julio del Centro de Educaci\u00f3n F\u00edsica de avenida Patagonia, en cercan\u00edas al anfiteatro Mario del Tr\u00e1nsito Cocomarola.<\/p>\n\n\n\n<p>Ese d\u00eda, a las 14:15, dos j\u00f3venes ingresaron a recorrer el predio hasta apoderarse de una de las bicicletas que estaban en el sector de estacionamiento interno.<\/p>\n\n\n\n<p>Con una serie de datos y el relevamiento de c\u00e1maras de seguridad, autoridades de la comisar\u00eda seccional S\u00e9ptima identificaron a los sospechosos.<\/p>\n\n\n\n<p>El Juzgado de Garant\u00edas en turno libr\u00f3 una orden para requisa, b\u00fasqueda del rodado y detenci\u00f3n de los presuntos autores.<\/p>\n\n\n\n<p>Efectivos de la S\u00e9ptima realizaron el despliegue junto a una dotaci\u00f3n del Destacamento San Marcos y una patrulla del Grupo de Respuesta Inmediata Motorizada 5.<\/p>\n\n\n\n<p>El allanamiento fue realizado en un pasillo cercano a calle La Pampa del barrio P\u00edo X.<\/p>\n\n\n\n<p>La bicicleta como los sospechosos no fueron localizados en el domicilio en cuesti\u00f3n. Sin embargo, demoraron a otros j\u00f3venes por mostrarse con cierto grado de alteraci\u00f3n a la presencia de los uniformados, adem\u00e1s del secuestro de una motocicleta 110 &#8220;con irregularidades en sus grabados alfanum\u00e9ricos de identificaci\u00f3n&#8221;.<\/p>\n","protected":false},"excerpt":{"rendered":"<p>En el procedimiento demoraron a dos j\u00f3venes por entorpecer el trabajo de los efectivos y secuestran una motocicleta, porque tend\u00eda anormalidades en el estampado de identificaci\u00f3n alfanum\u00e9rica. La Polic\u00eda allan\u00f3&hellip; <\/p>\n","protected":false},"author":4,"featured_media":217428,"comment_status":"closed","ping_status":"open","sticky":false,"template":"","format":"standard","meta":{"footnotes":""},"categories":[33],"tags":[],"class_list":["post-217385","post","type-post","status-publish","format-standard","has-post-thumbnail","hentry","category-policiales"],"_links":{"self":[{"href":"https:\/\/corrientesdetarde.com\/index.php\/wp-json\/wp\/v2\/posts\/217385","targetHints":{"allow":["GET"]}}],"collection":[{"href":"https:\/\/corrientesdetarde.com\/index.php\/wp-json\/wp\/v2\/posts"}],"about":[{"href":"https:\/\/corrientesdetarde.com\/index.php\/wp-json\/wp\/v2\/types\/post"}],"author":[{"embeddable":true,"href":"https:\/\/corrientesdetarde.com\/index.php\/wp-json\/wp\/v2\/users\/4"}],"replies":[{"embeddable":true,"href":"https:\/\/corrientesdetarde.com\/index.php\/wp-json\/wp\/v2\/comments?post=217385"}],"version-history":[{"count":1,"href":"https:\/\/corrientesdetarde.com\/index.php\/wp-json\/wp\/v2\/posts\/217385\/revisions"}],"predecessor-version":[{"id":217429,"href":"https:\/\/corrientesdetarde.com\/index.php\/wp-json\/wp\/v2\/posts\/217385\/revisions\/217429"}],"wp:featuredmedia":[{"embeddable":true,"href":"https:\/\/corrientesdetarde.com\/index.php\/wp-json\/wp\/v2\/media\/217428"}],"wp:attachment":[{"href":"https:\/\/corrientesdetarde.com\/index.php\/wp-json\/wp\/v2\/media?parent=217385"}],"wp:term":[{"taxonomy":"category","embeddable":true,"href":"https:\/\/corrientesdetarde.com\/index.php\/wp-json\/wp\/v2\/categories?post=217385"},{"taxonomy":"post_tag","embeddable":true,"href":"https:\/\/corrientesdetarde.com\/index.php\/wp-json\/wp\/v2\/tags?post=217385"}],"curies":[{"name":"wp","href":"https:\/\/api.w.org\/{rel}","templated":true}]}}