{"id":217386,"date":"2025-07-15T22:57:33","date_gmt":"2025-07-16T01:57:33","guid":{"rendered":"https:\/\/corrientesdetarde.com\/?p=217386"},"modified":"2025-07-16T08:20:47","modified_gmt":"2025-07-16T11:20:47","slug":"el-vera-itinerante-en-curuzu-cuatia-con-capacitaciones-y-herramientas-para-el-sector-cultural","status":"publish","type":"post","link":"https:\/\/corrientesdetarde.com\/index.php\/cultura\/el-vera-itinerante-en-curuzu-cuatia-con-capacitaciones-y-herramientas-para-el-sector-cultural\/","title":{"rendered":"El &#8220;Vera Itinerante&#8221; en Curuz\u00fa Cuati\u00e1 con capacitaciones y herramientas para el sector cultural"},"content":{"rendered":"\n<p>El Teatro Oficial &#8220;Juan de Vera&#8221; anuncia la 5\u00b0 fecha del Programa &#8220;Vera Itinerante&#8221;, que recorre el interior provincial con capacitaciones de acceso gratuito. En ese marco, este s\u00e1bado y domingo llegar\u00e1 a Curuz\u00fa Cuati\u00e1, con 3 ofertas de capacitaci\u00f3n destinadas al sector cultural, con acceso gratuito e inscripciones previas.<\/p>\n\n\n\n<p>Es as\u00ed que en un trabajo articulado con el Municipio de Curuz\u00fa Cuati\u00e1 mediante la Direcci\u00f3n de Cultura y Turismo, 3 capacitaciones tendr\u00e1n lugar este fin de semana en la localidad correntina, a saber: Capacitaci\u00f3n en Dramaturgia, a cargo de Mauro Santamar\u00eda;&nbsp;Clase de Danza Cl\u00e1sica: Introducci\u00f3n a la biomec\u00e1nica aplicada a la danza, por Lidia Godoy; y la Clase de Samba No P\u00e9, a cargo de Mayra Szachraj Casco. Dichas actividades tendr\u00e1n su desarrollo en la Casa del Bicentenario y el Centro Integral de Educaci\u00f3n Corporal (CIDEC) y se entregar\u00e1n certificados.<\/p>\n\n\n\n<p><strong>Ofertas de capacitaci\u00f3n<\/strong><\/p>\n\n\n\n<p>La capacitaci\u00f3n en Dramaturgia estar\u00e1 a cargo de Mauro Santamar\u00eda, y est\u00e1 destinada a personas con inter\u00e9s en escribir textos para una representaci\u00f3n esc\u00e9nica, cine, radio, tv, con o sin experiencia. Tendr\u00e1 lugar este s\u00e1bado 19 de julio&nbsp;de 10 a 13 horas y de 17.30 a 20.30 en la Casa del Bicentenario, ubicada en Irastorza 1535. La misma plantea una aproximaci\u00f3n a la dramaturgia, con abordaje de las nociones b\u00e1sicas, contenido te\u00f3rico-pr\u00e1ctico, el formato de un texto dram\u00e1tico, estructura aristot\u00e9lica, conflicto, personaje y contexto y redacci\u00f3n de una escena simple.<\/p>\n\n\n\n<p>Mauro Santamar\u00eda es docente, actor, artista pl\u00e1stico, guionista y gestor Cultural, Licenciado en Relaciones Industriales,&nbsp;Lic. en Artes Esc\u00e9nicas, y creador del profesorado de Teatro de la provincia de Corrientes. Autor de libros de teatro, ensayo; ficci\u00f3n para ni\u00f1os; adolescentes y adultos; guiones cinematogr\u00e1ficos de documentales y de ficci\u00f3n; textos de radioteatro. Cuenta con premios y becas de la Fundaci\u00f3n Antorchas; Fondo Nacional de las Artes; Instituto Nacional de Cine y Artes Audiovisuales; Escuela Internacional de Teatro de Am\u00e9rica Latina (EITAL) Secretaria de Cultura Naci\u00f3n, Instituto Nacional del Teatro, Instituto de Cultura de Corrientes, entre otros. Es el creador y responsable del Centro de Imaginer\u00eda Guaran\u00ed en la ciudad de Corrientes.<\/p>\n\n\n\n<p>El curso de &#8220;Danza Cl\u00e1sica. Introducci\u00f3n a la Biomec\u00e1nica Aplicada a la Danza&#8221;, estar\u00e1 a cargo de Lilia Godoy, destinada a bailarinas y bailarines a partir de los 14 a\u00f1os. Tendr\u00e1 lugar este s\u00e1bado de 17 a 18.30 hiras y este domingo de 9 a 10.30 en el CIDEC, en Comandante Andresito 447. Se abordar\u00e1n los fundamentos an\u00e1tomo-fisiol\u00f3gicos vinculados a la biomec\u00e1nica del movimiento en la danza, con especial atenci\u00f3n a la postura, alineaci\u00f3n, eje corporal, el equilibrio y la propiocepci\u00f3n.<\/p>\n\n\n\n<p>Lilia Godoy es egresada del Instituto Superior del Profesorado de Ense\u00f1anza Art\u00edstica (ISPEA) Danza y Teatro de la ciudad de Resistencia, Chaco,&nbsp;con el t\u00edtulo de Profesora Superior de Danzas. Tom\u00f3 clases de Danza Moderna con utilizaci\u00f3n espec\u00edfica de la T\u00e9cnica Sullivan, t\u00e9cnicas mixtas de Danzas Cl\u00e1sicas y Jazz, dictado por la Maestra Soledad Centuri\u00f3n Yedro, del Miami Contemporary Dance Company.<\/p>\n\n\n\n<p>Realiz\u00f3 cursos con maestros reconocidos en t\u00e9cnica cl\u00e1sica, como Lidia Segni, Raquel Rossetti, I\u00f1aki Urlezaga, Miguel Gomez (escuela cubana), Maria Elena Markendorf (escuela rusa), Lucas Garcilazo, Natanael Agostinho, entre otros, adem\u00e1s de tomar clases en distintas t\u00e9cnicas de danza moderna y contempor\u00e1nea. Trabaj\u00f3 como asistente coreogr\u00e1fica y core\u00f3grafa de show de comparsas para Ara Ber\u00e1 de Corrientes y Caru Cura de Esquina, entre otras.<\/p>\n\n\n\n<p>Fue parte del Ballet Oficial del Chamam\u00e9 y de La Compa\u00f1\u00eda &#8220;Dionisio Soler&#8221;. Adem\u00e1s, instructora de pilates reformer, maestra preparadora en gimnasia r\u00edtmica y gimnasia art\u00edstica.<\/p>\n\n\n\n<p>El curso de &#8220;Samba No Pe&#8221; estar\u00e1 a cargo de Mayra Szachraj Casco, dirigida al p\u00fablico en general, con o sin experiencia, a partir de los 10 a\u00f1os. Tendr\u00e1 lugar este s\u00e1bado de 19 a 20.30 horas y este domingo de 10.30 a 12 en el CIDEC. Se abordar\u00e1 la t\u00e9cnica del samba no pe, resistencia, coreograf\u00eda y musicalizaci\u00f3n.<\/p>\n\n\n\n<p>Mayra Szachraj Casco es una bailarina formada en danzas cl\u00e1sica, contempor\u00e1nea, espa\u00f1ol y samba no pe. Comparsera de m\u00e1s de 20 a\u00f1os de trayectoria, con ?formaci\u00f3n en historia del carnaval y t\u00e9cnica y ra\u00edces del samba.<\/p>\n\n\n\n<p><strong>Inscripciones<\/strong><\/p>\n\n\n\n<p>Las personas interesadas en participar podr\u00e1n inscribirse completando el siguiente formulario:&nbsp;<a href=\"https:\/\/forms.gle\/uYsmUouycSPUCBRA7\" target=\"_blank\" rel=\"noreferrer noopener\">https:\/\/forms.gle\/uYsmUouycSPUCBRA7<\/a>&nbsp;Para mayores consultas, podr\u00e1n realizarlas al correo&nbsp;<a href=\"mailto:capacitaciones@teatrovera.com\" target=\"_blank\" rel=\"noreferrer noopener\">capacitaciones@teatrovera.com<\/a>. Y para m\u00e1s informaci\u00f3n en el instagram @teatrooficialjuandevera.<\/p>\n","protected":false},"excerpt":{"rendered":"<p>El Teatro Oficial &#8220;Juan de Vera&#8221; anuncia la 5\u00b0 fecha del Programa &#8220;Vera Itinerante&#8221;, que recorre el interior provincial con capacitaciones de acceso gratuito. En ese marco, este s\u00e1bado y&hellip; <\/p>\n","protected":false},"author":4,"featured_media":217398,"comment_status":"closed","ping_status":"open","sticky":false,"template":"","format":"standard","meta":{"footnotes":""},"categories":[15,22],"tags":[],"class_list":["post-217386","post","type-post","status-publish","format-standard","has-post-thumbnail","hentry","category-cultura","category-eventos"],"_links":{"self":[{"href":"https:\/\/corrientesdetarde.com\/index.php\/wp-json\/wp\/v2\/posts\/217386","targetHints":{"allow":["GET"]}}],"collection":[{"href":"https:\/\/corrientesdetarde.com\/index.php\/wp-json\/wp\/v2\/posts"}],"about":[{"href":"https:\/\/corrientesdetarde.com\/index.php\/wp-json\/wp\/v2\/types\/post"}],"author":[{"embeddable":true,"href":"https:\/\/corrientesdetarde.com\/index.php\/wp-json\/wp\/v2\/users\/4"}],"replies":[{"embeddable":true,"href":"https:\/\/corrientesdetarde.com\/index.php\/wp-json\/wp\/v2\/comments?post=217386"}],"version-history":[{"count":1,"href":"https:\/\/corrientesdetarde.com\/index.php\/wp-json\/wp\/v2\/posts\/217386\/revisions"}],"predecessor-version":[{"id":217399,"href":"https:\/\/corrientesdetarde.com\/index.php\/wp-json\/wp\/v2\/posts\/217386\/revisions\/217399"}],"wp:featuredmedia":[{"embeddable":true,"href":"https:\/\/corrientesdetarde.com\/index.php\/wp-json\/wp\/v2\/media\/217398"}],"wp:attachment":[{"href":"https:\/\/corrientesdetarde.com\/index.php\/wp-json\/wp\/v2\/media?parent=217386"}],"wp:term":[{"taxonomy":"category","embeddable":true,"href":"https:\/\/corrientesdetarde.com\/index.php\/wp-json\/wp\/v2\/categories?post=217386"},{"taxonomy":"post_tag","embeddable":true,"href":"https:\/\/corrientesdetarde.com\/index.php\/wp-json\/wp\/v2\/tags?post=217386"}],"curies":[{"name":"wp","href":"https:\/\/api.w.org\/{rel}","templated":true}]}}