{"id":217393,"date":"2025-07-15T22:37:25","date_gmt":"2025-07-16T01:37:25","guid":{"rendered":"https:\/\/corrientesdetarde.com\/?p=217393"},"modified":"2025-07-15T22:38:51","modified_gmt":"2025-07-16T01:38:51","slug":"valdes-y-autoridades-del-banco-inauguraron-un-sector-exclusivo-en-el-aeropuerto","status":"publish","type":"post","link":"https:\/\/corrientesdetarde.com\/index.php\/actualidad\/valdes-y-autoridades-del-banco-inauguraron-un-sector-exclusivo-en-el-aeropuerto\/","title":{"rendered":"Vald\u00e9s y autoridades del BanCo inauguraron un sector exclusivo en el Aeropuerto"},"content":{"rendered":"\n<p>El gobernador Gustavo Vald\u00e9s junto a la presidenta del Banco de Corrientes, Laura Sprovieri, inauguraron este martes la segunda sala VIP de la mencionada entidad financiera en el Aeropuerto Internacional \u201cDr. Fernando Piragine Niveyro\u201d, destinado a clientes con tarjetas Visa Signature, Corporate, Bonita Singnature y Mastercard Black. Se trata de \u201cuna mejora fundamental para los correntinos que utilizan los servicios del BanCo\u201d, explic\u00f3 el primer Mandatario y agreg\u00f3 que, \u201cse proyectan otras mejoras para devolverle calidad en los beneficios que se ofrece a los usuarios\u201d.<\/p>\n\n\n\n<p>En contacto con la prensa, el titular del Poder Ejecutivo provincial, cont\u00f3 que \u201cinauguramos con el Banco de Corrientes un sector especial para todos aquellos usuarios de tarjetas (especificadas en el p\u00e1rrafo anterior), con el objetivo de acceder al servicio\u201d, pero&nbsp;que adem\u00e1s&nbsp;\u201ces una mejora en nuestro Aeropuerto\u201d. Dijo que es una \u201ciniciativa del BanCo, que vinimos a acompa\u00f1ar\u201d.<\/p>\n\n\n\n<p>Se\u00f1al\u00f3 tambi\u00e9n que, dialogando con las autoridades del Banco, \u201ccoincidimos en avanzar en la articulaci\u00f3n con el Gobierno provincial, y continuar aportando y mejorando la calidad de los servicios que tenemos\u201d. Record\u00f3 en ese marco que \u201ceste es un Aeropuerto no concesionado, pero igual vamos trabajando para acondicionarlo e ir mejorando todos los d\u00edas\u201d.<\/p>\n\n\n\n<p>Vald\u00e9s destac\u00f3 asimismo que se trata de \u201cuna mejora fundamentalmente para los correntinos que utilizan los servicios del BanCo\u201d, y \u201cpor supuesto que estamos proyectando otras mejoras, para devolverle calidad en los beneficios que se ofrece a los usuarios\u201d.<\/p>\n\n\n\n<p>Este segundo Sal\u00f3n VIP del Banco de Corrientes en el Aeropuerto \u201cPiragine Niveyro\u201d se ubica en el primer piso de la terminal. Con 70 metros cuadrados y capacidad para m\u00e1s de 30 personas, \u201ceste nuevo espacio exclusivo est\u00e1 pensado para ofrecer comodidad y conectividad a nuestros clientes con tarjetas Visa Signature, Corporate, Bonita Signature y Mastercard Black\u201d, informaron desde la instituci\u00f3n financiera.<\/p>\n\n\n\n<p>En el lugar se contar\u00e1 con sala de estar, espacio de coworking, conexi\u00f3n Wi-Fi y puertos de carga, snack bar y cafeter\u00eda, m\u00fasica funcional y toilette.<\/p>\n\n\n\n<p>\u201cEs un nuevo servicio, pensado para nuestro cliente como el centro de la escena\u201d, se\u00f1al\u00f3 Laura Sprovieri. Detall\u00f3 que \u201caqu\u00ed van a poder conectarse porque tienen Wi-Fi, servicios de refrigerio, y poder trabajar si as\u00ed lo desean, para que la espera no sea tan larga\u201d.<\/p>\n\n\n\n<p>Revelo que las repercusiones del primer espacio VIP habilitado fueron muy buenas, as\u00ed que dicha segunda sala, surge de \u201cun pedido y reclamo de nuestros clientes, as\u00ed que muy contentos de poder hacerlo y llevarlo adelante con el apoyo del gobernador Vald\u00e9s\u201d.<\/p>\n\n\n\n<p>Se encontraban adem\u00e1s en representaci\u00f3n del Banco de Corrientes, su vicepresidente Ricardo Rodr\u00edguez; el director Enzo Mar\u00eda, y miembros del directorio.<\/p>\n","protected":false},"excerpt":{"rendered":"<p>El gobernador Gustavo Vald\u00e9s junto a la presidenta del Banco de Corrientes, Laura Sprovieri, inauguraron este martes la segunda sala VIP de la mencionada entidad financiera en el Aeropuerto Internacional&hellip; <\/p>\n","protected":false},"author":4,"featured_media":217395,"comment_status":"closed","ping_status":"open","sticky":false,"template":"","format":"standard","meta":{"footnotes":""},"categories":[23],"tags":[],"class_list":["post-217393","post","type-post","status-publish","format-standard","has-post-thumbnail","hentry","category-actualidad"],"_links":{"self":[{"href":"https:\/\/corrientesdetarde.com\/index.php\/wp-json\/wp\/v2\/posts\/217393","targetHints":{"allow":["GET"]}}],"collection":[{"href":"https:\/\/corrientesdetarde.com\/index.php\/wp-json\/wp\/v2\/posts"}],"about":[{"href":"https:\/\/corrientesdetarde.com\/index.php\/wp-json\/wp\/v2\/types\/post"}],"author":[{"embeddable":true,"href":"https:\/\/corrientesdetarde.com\/index.php\/wp-json\/wp\/v2\/users\/4"}],"replies":[{"embeddable":true,"href":"https:\/\/corrientesdetarde.com\/index.php\/wp-json\/wp\/v2\/comments?post=217393"}],"version-history":[{"count":1,"href":"https:\/\/corrientesdetarde.com\/index.php\/wp-json\/wp\/v2\/posts\/217393\/revisions"}],"predecessor-version":[{"id":217396,"href":"https:\/\/corrientesdetarde.com\/index.php\/wp-json\/wp\/v2\/posts\/217393\/revisions\/217396"}],"wp:featuredmedia":[{"embeddable":true,"href":"https:\/\/corrientesdetarde.com\/index.php\/wp-json\/wp\/v2\/media\/217395"}],"wp:attachment":[{"href":"https:\/\/corrientesdetarde.com\/index.php\/wp-json\/wp\/v2\/media?parent=217393"}],"wp:term":[{"taxonomy":"category","embeddable":true,"href":"https:\/\/corrientesdetarde.com\/index.php\/wp-json\/wp\/v2\/categories?post=217393"},{"taxonomy":"post_tag","embeddable":true,"href":"https:\/\/corrientesdetarde.com\/index.php\/wp-json\/wp\/v2\/tags?post=217393"}],"curies":[{"name":"wp","href":"https:\/\/api.w.org\/{rel}","templated":true}]}}