{"id":217400,"date":"2025-07-15T23:05:33","date_gmt":"2025-07-16T02:05:33","guid":{"rendered":"https:\/\/corrientesdetarde.com\/?p=217400"},"modified":"2025-07-15T23:05:38","modified_gmt":"2025-07-16T02:05:38","slug":"el-ips-comunico-sus-horarios-de-atencion-durante-la-feria-administrativa-invernal","status":"publish","type":"post","link":"https:\/\/corrientesdetarde.com\/index.php\/actualidad\/el-ips-comunico-sus-horarios-de-atencion-durante-la-feria-administrativa-invernal\/","title":{"rendered":"El IPS comunic\u00f3 sus horarios de atenci\u00f3n durante la feria administrativa invernal"},"content":{"rendered":"\n<p>El Instituto de Previsi\u00f3n Social (IPS) de la Provincia inform\u00f3 que durante la feria administrativa invernal, los horarios de atenci\u00f3n al p\u00fablico ser\u00e1 de 7.30 a 12.30. Es as\u00ed que esto se extender\u00e1 desde el 14 al 25 de julio.<\/p>\n\n\n\n<figure class=\"wp-block-image size-full\"><img loading=\"lazy\" decoding=\"async\" width=\"501\" height=\"716\" src=\"https:\/\/corrientesdetarde.com\/wp-content\/uploads\/2025\/07\/image-474.png\" alt=\"\" class=\"wp-image-217401\" srcset=\"https:\/\/corrientesdetarde.com\/wp-content\/uploads\/2025\/07\/image-474.png 501w, https:\/\/corrientesdetarde.com\/wp-content\/uploads\/2025\/07\/image-474-210x300.png 210w\" sizes=\"auto, (max-width: 501px) 100vw, 501px\" \/><\/figure>\n","protected":false},"excerpt":{"rendered":"<p>El Instituto de Previsi\u00f3n Social (IPS) de la Provincia inform\u00f3 que durante la feria administrativa invernal, los horarios de atenci\u00f3n al p\u00fablico ser\u00e1 de 7.30 a 12.30. Es as\u00ed que&hellip; <\/p>\n","protected":false},"author":4,"featured_media":217402,"comment_status":"closed","ping_status":"open","sticky":false,"template":"","format":"standard","meta":{"footnotes":""},"categories":[23],"tags":[],"class_list":["post-217400","post","type-post","status-publish","format-standard","has-post-thumbnail","hentry","category-actualidad"],"_links":{"self":[{"href":"https:\/\/corrientesdetarde.com\/index.php\/wp-json\/wp\/v2\/posts\/217400","targetHints":{"allow":["GET"]}}],"collection":[{"href":"https:\/\/corrientesdetarde.com\/index.php\/wp-json\/wp\/v2\/posts"}],"about":[{"href":"https:\/\/corrientesdetarde.com\/index.php\/wp-json\/wp\/v2\/types\/post"}],"author":[{"embeddable":true,"href":"https:\/\/corrientesdetarde.com\/index.php\/wp-json\/wp\/v2\/users\/4"}],"replies":[{"embeddable":true,"href":"https:\/\/corrientesdetarde.com\/index.php\/wp-json\/wp\/v2\/comments?post=217400"}],"version-history":[{"count":1,"href":"https:\/\/corrientesdetarde.com\/index.php\/wp-json\/wp\/v2\/posts\/217400\/revisions"}],"predecessor-version":[{"id":217403,"href":"https:\/\/corrientesdetarde.com\/index.php\/wp-json\/wp\/v2\/posts\/217400\/revisions\/217403"}],"wp:featuredmedia":[{"embeddable":true,"href":"https:\/\/corrientesdetarde.com\/index.php\/wp-json\/wp\/v2\/media\/217402"}],"wp:attachment":[{"href":"https:\/\/corrientesdetarde.com\/index.php\/wp-json\/wp\/v2\/media?parent=217400"}],"wp:term":[{"taxonomy":"category","embeddable":true,"href":"https:\/\/corrientesdetarde.com\/index.php\/wp-json\/wp\/v2\/categories?post=217400"},{"taxonomy":"post_tag","embeddable":true,"href":"https:\/\/corrientesdetarde.com\/index.php\/wp-json\/wp\/v2\/tags?post=217400"}],"curies":[{"name":"wp","href":"https:\/\/api.w.org\/{rel}","templated":true}]}}