{"id":217407,"date":"2025-07-15T23:18:54","date_gmt":"2025-07-16T02:18:54","guid":{"rendered":"https:\/\/corrientesdetarde.com\/?p=217407"},"modified":"2025-07-15T23:19:06","modified_gmt":"2025-07-16T02:19:06","slug":"buscan-a-familiares-de-un-hombre-hallado-sin-vida-a-orillas-del-rio-parana-en-corrientes","status":"publish","type":"post","link":"https:\/\/corrientesdetarde.com\/index.php\/policiales\/buscan-a-familiares-de-un-hombre-hallado-sin-vida-a-orillas-del-rio-parana-en-corrientes\/","title":{"rendered":"Buscan a familiares de un hombre hallado sin vida a orillas del r\u00edo Paran\u00e1 en Corrientes"},"content":{"rendered":"\n<p>La Polic\u00eda solicita colaboraci\u00f3n para localizar a los familiares de Ra\u00fal Arsenio Fern\u00e1ndez, de 74 a\u00f1os, encontrado sin vida el pasado 8 de julio en la ciudad capital.<\/p>\n\n\n\n<p>La Polic\u00eda de Corrientes solicita la colaboraci\u00f3n de la ciudadan\u00eda, especialmente de familiares o allegados de Ra\u00fal Arsenio Fern\u00e1ndez, de 74 a\u00f1os, quien fue hallado sin vida el pasado 8 de julio a orillas del r\u00edo Paran\u00e1, en jurisdicci\u00f3n de la comisar\u00eda D\u00e9cimo Segunda Urbana, en el barrio Juan de Vera de la ciudad de Corrientes.<\/p>\n\n\n\n<p>El hombre ten\u00eda como \u00faltimo domicilio registrado una vivienda en alquiler ubicada en calle Pedro Esnaola al 5400. Al momento del hallazgo, vest\u00eda pantal\u00f3n de vestir negro, chomba y campera azul, y zapatillas negras marca I-Tun. Se estima que med\u00eda 1.80 metros, de contextura robusta, tez morena y cabello corto negro.<\/p>\n\n\n\n<p>Hasta el momento no se lograron ubicar familiares ni personas cercanas. Por ello, las autoridades piden a quienes puedan aportar informaci\u00f3n certera sobre sus v\u00ednculos o entorno, que se acerquen a la comisar\u00eda 12\u00b0 (esquina de Cabeza de Vaca e Irala), o se comuniquen al tel\u00e9fono 3794-387427, al 911 en la capital o al 101 desde el interior provincial.<\/p>\n\n\n\n<p>Desde la fuerza remarcaron que, paralelamente, contin\u00faan con las tareas investigativas correspondientes para esclarecer la situaci\u00f3n.<\/p>\n","protected":false},"excerpt":{"rendered":"<p>La Polic\u00eda solicita colaboraci\u00f3n para localizar a los familiares de Ra\u00fal Arsenio Fern\u00e1ndez, de 74 a\u00f1os, encontrado sin vida el pasado 8 de julio en la ciudad capital. La Polic\u00eda&hellip; <\/p>\n","protected":false},"author":4,"featured_media":217408,"comment_status":"closed","ping_status":"open","sticky":false,"template":"","format":"standard","meta":{"footnotes":""},"categories":[33],"tags":[],"class_list":["post-217407","post","type-post","status-publish","format-standard","has-post-thumbnail","hentry","category-policiales"],"_links":{"self":[{"href":"https:\/\/corrientesdetarde.com\/index.php\/wp-json\/wp\/v2\/posts\/217407","targetHints":{"allow":["GET"]}}],"collection":[{"href":"https:\/\/corrientesdetarde.com\/index.php\/wp-json\/wp\/v2\/posts"}],"about":[{"href":"https:\/\/corrientesdetarde.com\/index.php\/wp-json\/wp\/v2\/types\/post"}],"author":[{"embeddable":true,"href":"https:\/\/corrientesdetarde.com\/index.php\/wp-json\/wp\/v2\/users\/4"}],"replies":[{"embeddable":true,"href":"https:\/\/corrientesdetarde.com\/index.php\/wp-json\/wp\/v2\/comments?post=217407"}],"version-history":[{"count":1,"href":"https:\/\/corrientesdetarde.com\/index.php\/wp-json\/wp\/v2\/posts\/217407\/revisions"}],"predecessor-version":[{"id":217409,"href":"https:\/\/corrientesdetarde.com\/index.php\/wp-json\/wp\/v2\/posts\/217407\/revisions\/217409"}],"wp:featuredmedia":[{"embeddable":true,"href":"https:\/\/corrientesdetarde.com\/index.php\/wp-json\/wp\/v2\/media\/217408"}],"wp:attachment":[{"href":"https:\/\/corrientesdetarde.com\/index.php\/wp-json\/wp\/v2\/media?parent=217407"}],"wp:term":[{"taxonomy":"category","embeddable":true,"href":"https:\/\/corrientesdetarde.com\/index.php\/wp-json\/wp\/v2\/categories?post=217407"},{"taxonomy":"post_tag","embeddable":true,"href":"https:\/\/corrientesdetarde.com\/index.php\/wp-json\/wp\/v2\/tags?post=217407"}],"curies":[{"name":"wp","href":"https:\/\/api.w.org\/{rel}","templated":true}]}}