{"id":217410,"date":"2025-07-15T23:41:00","date_gmt":"2025-07-16T02:41:00","guid":{"rendered":"https:\/\/corrientesdetarde.com\/?p=217410"},"modified":"2025-07-16T08:30:47","modified_gmt":"2025-07-16T11:30:47","slug":"ruta-de-la-muerte-un-motociclista-fallecio-tras-chocar-contra-un-camion-en-la-rn-12","status":"publish","type":"post","link":"https:\/\/corrientesdetarde.com\/index.php\/destacados\/ruta-de-la-muerte-un-motociclista-fallecio-tras-chocar-contra-un-camion-en-la-rn-12\/","title":{"rendered":"Ruta de la muerte: un motociclista falleci\u00f3 tras chocar contra un cami\u00f3n en la RN 12\u00a0"},"content":{"rendered":"\n<p>Su esposa result\u00f3 herida y un peat\u00f3n fue trasladado al hospital. La Justicia investiga las causas del siniestro.<\/p>\n\n\n\n<p>Un tr\u00e1gico accidente de tr\u00e1nsito se cobr\u00f3 la vida de un hombre de 50 a\u00f1os en la noche del lunes en la localidad correntina de San Cosme. El hecho ocurri\u00f3 sobre la Ruta Nacional N\u00ba 12, a la altura del kil\u00f3metro 1061, frente a una estaci\u00f3n de servicio, cuando una motocicleta colision\u00f3 con un cami\u00f3n que circulaba en sentido oeste-este.<\/p>\n\n\n\n<p>Seg\u00fan informaron fuentes policiales, la v\u00edctima fatal fue identificada como P. Ram\u00edrez, domiciliado en Ensenada Grande, quien viajaba en la motocicleta junto a su esposa, Rosa Alicia Princigalli, de 35 a\u00f1os. A ra\u00edz del violento impacto, Ram\u00edrez sufri\u00f3 heridas grav\u00edsimas, incluida la amputaci\u00f3n de una pierna, y fue trasladado de urgencia al Hospital Escuela de la ciudad de Corrientes, donde falleci\u00f3 horas despu\u00e9s. Su esposa fue hospitalizada con traumatismos m\u00faltiples, aunque se encuentra fuera de peligro.<\/p>\n\n\n\n<p>El cami\u00f3n involucrado en el siniestro es un Iveco blanco, conducido por Roberto Ismael Romero, de 63 a\u00f1os, oriundo de Marcos Ju\u00e1rez (C\u00f3rdoba), quien viajaba desde Santiago del Estero con destino a la ciudad de Virasoro.<\/p>\n\n\n\n<p>Tambi\u00e9n result\u00f3 herido un peat\u00f3n que se encontraba en la zona, identificado como M\u00e1ximo Meza, de 19 a\u00f1os, oriundo de Paso Mart\u00ednez. Aunque sus lesiones no fueron de gravedad, fue derivado al hospital para una evaluaci\u00f3n m\u00e9dica preventiva.<\/p>\n\n\n\n<p>La Fiscal\u00eda en turno, a cargo de la Dra. Armenia Patricia, dispuso la demora preventiva del chofer del cami\u00f3n mientras se realizan las pericias accidentol\u00f3gicas. La causa fue caratulada como &#8220;supuesto homicidio culposo en accidente de tr\u00e1nsito&#8221; y permanece bajo investigaci\u00f3n en la Comisar\u00eda de Distrito San Cosme con intervenci\u00f3n de la Unidad Fiscal de Investigaciones Concretas (UFIC).<\/p>\n","protected":false},"excerpt":{"rendered":"<p>Su esposa result\u00f3 herida y un peat\u00f3n fue trasladado al hospital. La Justicia investiga las causas del siniestro. Un tr\u00e1gico accidente de tr\u00e1nsito se cobr\u00f3 la vida de un hombre&hellip; <\/p>\n","protected":false},"author":4,"featured_media":217411,"comment_status":"closed","ping_status":"open","sticky":false,"template":"","format":"standard","meta":{"footnotes":""},"categories":[26,33],"tags":[],"class_list":["post-217410","post","type-post","status-publish","format-standard","has-post-thumbnail","hentry","category-destacados","category-policiales"],"_links":{"self":[{"href":"https:\/\/corrientesdetarde.com\/index.php\/wp-json\/wp\/v2\/posts\/217410","targetHints":{"allow":["GET"]}}],"collection":[{"href":"https:\/\/corrientesdetarde.com\/index.php\/wp-json\/wp\/v2\/posts"}],"about":[{"href":"https:\/\/corrientesdetarde.com\/index.php\/wp-json\/wp\/v2\/types\/post"}],"author":[{"embeddable":true,"href":"https:\/\/corrientesdetarde.com\/index.php\/wp-json\/wp\/v2\/users\/4"}],"replies":[{"embeddable":true,"href":"https:\/\/corrientesdetarde.com\/index.php\/wp-json\/wp\/v2\/comments?post=217410"}],"version-history":[{"count":1,"href":"https:\/\/corrientesdetarde.com\/index.php\/wp-json\/wp\/v2\/posts\/217410\/revisions"}],"predecessor-version":[{"id":217412,"href":"https:\/\/corrientesdetarde.com\/index.php\/wp-json\/wp\/v2\/posts\/217410\/revisions\/217412"}],"wp:featuredmedia":[{"embeddable":true,"href":"https:\/\/corrientesdetarde.com\/index.php\/wp-json\/wp\/v2\/media\/217411"}],"wp:attachment":[{"href":"https:\/\/corrientesdetarde.com\/index.php\/wp-json\/wp\/v2\/media?parent=217410"}],"wp:term":[{"taxonomy":"category","embeddable":true,"href":"https:\/\/corrientesdetarde.com\/index.php\/wp-json\/wp\/v2\/categories?post=217410"},{"taxonomy":"post_tag","embeddable":true,"href":"https:\/\/corrientesdetarde.com\/index.php\/wp-json\/wp\/v2\/tags?post=217410"}],"curies":[{"name":"wp","href":"https:\/\/api.w.org\/{rel}","templated":true}]}}