{"id":217584,"date":"2025-07-17T01:06:06","date_gmt":"2025-07-17T04:06:06","guid":{"rendered":"https:\/\/corrientesdetarde.com\/?p=217584"},"modified":"2025-07-17T01:06:17","modified_gmt":"2025-07-17T04:06:17","slug":"mario-pergolini-se-animo-al-perreo-con-cazzu-en-su-nuevo-programa-de-tv","status":"publish","type":"post","link":"https:\/\/corrientesdetarde.com\/index.php\/espectaculos\/mario-pergolini-se-animo-al-perreo-con-cazzu-en-su-nuevo-programa-de-tv\/","title":{"rendered":"Mario Pergolini se anim\u00f3 al perreo con Cazzu en su nuevo programa de TV"},"content":{"rendered":"\n<p>En la segunda emisi\u00f3n de su programa Otro d\u00eda perfecto, el conductor le pidi\u00f3 a la cantante que le ense\u00f1e a bailar.<\/p>\n\n\n\n<p>Mario Pergolini regres\u00f3 a la televisi\u00f3n, un formato que \u00e9l mismo dio por muerto en m\u00e1s de una ocasi\u00f3n. La apuesta para su retorno se llama Otro d\u00eda perdido y sale al aire diariamente a las 22.30. En su segundo programa, el conductor se anim\u00f3 a perrear en vivo durante una entrevista con Cazzu, su invitada.<\/p>\n\n\n\n<p><br>Con su caracter\u00edstico humor \u00e1cido, el conductor de 62 a\u00f1os no dej\u00f3 pasar la oportunidad de poner el cuerpo en la &#8220;pista&#8221; y probar los pasos del g\u00e9nero urbano. &#8220;Quiero hacer algo que desde que te vi. Quiero ver una cosa nada m\u00e1s. Tu libro se llama \u2018Perreo\u2019. \u00bfEs muy dif\u00edcil hacer perreo sin haberlo hecho nunca para una persona de m\u00e1s de 60 a\u00f1os como yo?&#8221;, le pregunt\u00f3 Pergolini a la artista juje\u00f1a, entre risas.<br>&nbsp;<\/p>\n\n\n\n<p>Luego de recibir algunas indicaciones b\u00e1sicas, Mario sigui\u00f3 con sus dudas: &#8220;\u00bfQu\u00e9 hago con las manos? Lo de la mano no va, \u00bfno? \u00bfEsto se hace o no? Manteca, manteca, manteca. \u00bfManteca, manteca? Ni sab\u00eda que ten\u00eda nombre&#8221;, coment\u00f3, con humor. &#8220;No ser\u00eda un rid\u00edculo, porque volv\u00ed a la tele. Es m\u00e1s rid\u00edculo que eso, no va a haber&#8221;, agreg\u00f3.<\/p>\n\n\n\n<p>Finalmente, el conductor se anim\u00f3 a moverse: &#8220;\u00a1Ya, va, va, va! Me entusiasm\u00e9, me entusiasm\u00e9. \u00a1No, no! \u00a1Che! Esto es todo lo que yo puedo mover. Todo lo que yo me puedo mover es esto. No se r\u00edan&#8221;, pidi\u00f3 entre risas.<\/p>\n\n\n\n<p>Tras hacer unos movimientos, Pergolini dej\u00f3 una reflexi\u00f3n inesperada de Pergolini sobre su v\u00ednculo con el baile: &#8220;Nunca he tenido la gracia. La de bailar es la que menos tengo y es una de las que m\u00e1s me hubiese gustado&#8221;.<\/p>\n\n\n\n<p>Y concluy\u00f3 con una frase tan sincera como provocadora: &#8220;Yo creo, y lo digo en serio, que bailar, baila nada m\u00e1s que la gente feliz. La gente no feliz no puede bailar. Y yo b\u00e1sicamente soy un infeliz, entonces&#8221;.<\/p>\n","protected":false},"excerpt":{"rendered":"<p>En la segunda emisi\u00f3n de su programa Otro d\u00eda perfecto, el conductor le pidi\u00f3 a la cantante que le ense\u00f1e a bailar. Mario Pergolini regres\u00f3 a la televisi\u00f3n, un formato&hellip; <\/p>\n","protected":false},"author":4,"featured_media":217585,"comment_status":"closed","ping_status":"open","sticky":false,"template":"","format":"standard","meta":{"footnotes":""},"categories":[19],"tags":[],"class_list":["post-217584","post","type-post","status-publish","format-standard","has-post-thumbnail","hentry","category-espectaculos"],"_links":{"self":[{"href":"https:\/\/corrientesdetarde.com\/index.php\/wp-json\/wp\/v2\/posts\/217584","targetHints":{"allow":["GET"]}}],"collection":[{"href":"https:\/\/corrientesdetarde.com\/index.php\/wp-json\/wp\/v2\/posts"}],"about":[{"href":"https:\/\/corrientesdetarde.com\/index.php\/wp-json\/wp\/v2\/types\/post"}],"author":[{"embeddable":true,"href":"https:\/\/corrientesdetarde.com\/index.php\/wp-json\/wp\/v2\/users\/4"}],"replies":[{"embeddable":true,"href":"https:\/\/corrientesdetarde.com\/index.php\/wp-json\/wp\/v2\/comments?post=217584"}],"version-history":[{"count":1,"href":"https:\/\/corrientesdetarde.com\/index.php\/wp-json\/wp\/v2\/posts\/217584\/revisions"}],"predecessor-version":[{"id":217586,"href":"https:\/\/corrientesdetarde.com\/index.php\/wp-json\/wp\/v2\/posts\/217584\/revisions\/217586"}],"wp:featuredmedia":[{"embeddable":true,"href":"https:\/\/corrientesdetarde.com\/index.php\/wp-json\/wp\/v2\/media\/217585"}],"wp:attachment":[{"href":"https:\/\/corrientesdetarde.com\/index.php\/wp-json\/wp\/v2\/media?parent=217584"}],"wp:term":[{"taxonomy":"category","embeddable":true,"href":"https:\/\/corrientesdetarde.com\/index.php\/wp-json\/wp\/v2\/categories?post=217584"},{"taxonomy":"post_tag","embeddable":true,"href":"https:\/\/corrientesdetarde.com\/index.php\/wp-json\/wp\/v2\/tags?post=217584"}],"curies":[{"name":"wp","href":"https:\/\/api.w.org\/{rel}","templated":true}]}}