{"id":217610,"date":"2025-07-17T08:58:51","date_gmt":"2025-07-17T11:58:51","guid":{"rendered":"https:\/\/corrientesdetarde.com\/?p=217610"},"modified":"2025-07-17T08:58:55","modified_gmt":"2025-07-17T11:58:55","slug":"resumen-de-siniestros-en-corrientes","status":"publish","type":"post","link":"https:\/\/corrientesdetarde.com\/index.php\/policiales\/resumen-de-siniestros-en-corrientes\/","title":{"rendered":"Resumen de siniestros en Corrientes"},"content":{"rendered":"\n<p>Dos personas murieron y una tercera result\u00f3 herida como consecuencia de tres siniestros de tr\u00e1nsito registrados en la ciudad de Corrientes, en Colonia 3 de Abril y en la localidad de Amado Bonpland.<\/p>\n\n\n\n<p>El primero de los incidentes viales sucedi\u00f3 poco despu\u00e9s del mediod\u00eda en la capitalina avenida Arturo Frondizi.<\/p>\n\n\n\n<p>El escenario de la tragedia fue cerca de la intersecci\u00f3n con calle Santiago Zibelman del barrio Parque Ingeniero Serantes, seg\u00fan confirmaron fuentes policiales.<\/p>\n\n\n\n<p>Un hombre que caminaba solo, presuntamente hacia alg\u00fan domicilio de la zona, sufri\u00f3 el impacto de una motocicleta 110 roja manejada por un hombre, a quien acompa\u00f1aba un adolescente de 17 a\u00f1os.<\/p>\n\n\n\n<p>Debido a la violencia de la colisi\u00f3n, el peat\u00f3n muri\u00f3 en el acto. Tal persona cay\u00f3 boca abajo sobre un sendero de tierra junto al predio del Jard\u00edn Bot\u00e1nico, a unos pocos metros de una parada de colectivos, con una severa lesi\u00f3n sangrante en la cabeza.<\/p>\n\n\n\n<p>Hasta anoche la v\u00edctima fatal del incidente vial no fue identificada por las autoridades. &#8220;Sigue como una persona NN&#8221;, dijeron al cierre de esta edici\u00f3n.<\/p>\n\n\n\n<p>Sobre el hombre trascendi\u00f3 que habr\u00eda realizado compras en un comercio de la zona. Junto a su cuerpo hallaron una bolsa con accesorios de sanitario.<\/p>\n\n\n\n<p>Los dos ocupantes de la motocicleta habr\u00edan resultado con algunos golpes leves.<\/p>\n\n\n\n<p>Por otra parte, a la siesta en Ruta Provincial 27, en el municipio de Colonia 3 de Abril, se produjo el choque entre un autom\u00f3vil y una motocicleta.<\/p>\n\n\n\n<p>A ra\u00edz de la colisi\u00f3n, registrada un rato antes de las 14, la conductora de una Guerrero 110, de color negro, perdi\u00f3 la vida en el acto.<\/p>\n\n\n\n<p>Desde la Polic\u00eda confirmaron que el saldo del incidente vial fue el de &#8220;una persona fallecida&#8221;, a quien identificaron como Adriana Beatriz Lezcano, de 45 a\u00f1os.<\/p>\n\n\n\n<p>El impacto fue entre un autom\u00f3vil Ford Fiesta blanco y la moto en la que Lezcano circulaba sin compa\u00f1\u00eda.<\/p>\n\n\n\n<p>La motociclista finaliz\u00f3 tendida sobre la cinta asf\u00e1ltica y pese a la llegada de personal de salud constataron su muerte en el lugar. A poca distancia su veh\u00edculo estaba da\u00f1ado y a unos pocos metros, pero sobre la banquina, la Polic\u00eda hall\u00f3 al autom\u00f3vil involucrado con su conductor.<\/p>\n\n\n\n<figure class=\"wp-block-image size-full\"><img loading=\"lazy\" decoding=\"async\" width=\"800\" height=\"586\" src=\"https:\/\/corrientesdetarde.com\/wp-content\/uploads\/2025\/07\/image-522.png\" alt=\"\" class=\"wp-image-217621\" srcset=\"https:\/\/corrientesdetarde.com\/wp-content\/uploads\/2025\/07\/image-522.png 800w, https:\/\/corrientesdetarde.com\/wp-content\/uploads\/2025\/07\/image-522-300x220.png 300w, https:\/\/corrientesdetarde.com\/wp-content\/uploads\/2025\/07\/image-522-768x563.png 768w\" sizes=\"auto, (max-width: 800px) 100vw, 800px\" \/><\/figure>\n\n\n\n<figure class=\"wp-block-image size-full\"><img loading=\"lazy\" decoding=\"async\" width=\"800\" height=\"552\" src=\"https:\/\/corrientesdetarde.com\/wp-content\/uploads\/2025\/07\/image-520.png\" alt=\"\" class=\"wp-image-217619\" srcset=\"https:\/\/corrientesdetarde.com\/wp-content\/uploads\/2025\/07\/image-520.png 800w, https:\/\/corrientesdetarde.com\/wp-content\/uploads\/2025\/07\/image-520-300x207.png 300w, https:\/\/corrientesdetarde.com\/wp-content\/uploads\/2025\/07\/image-520-768x530.png 768w\" sizes=\"auto, (max-width: 800px) 100vw, 800px\" \/><\/figure>\n\n\n\n<figure class=\"wp-block-image size-full\"><img loading=\"lazy\" decoding=\"async\" width=\"800\" height=\"549\" src=\"https:\/\/corrientesdetarde.com\/wp-content\/uploads\/2025\/07\/image-521.png\" alt=\"\" class=\"wp-image-217620\" srcset=\"https:\/\/corrientesdetarde.com\/wp-content\/uploads\/2025\/07\/image-521.png 800w, https:\/\/corrientesdetarde.com\/wp-content\/uploads\/2025\/07\/image-521-300x206.png 300w, https:\/\/corrientesdetarde.com\/wp-content\/uploads\/2025\/07\/image-521-768x527.png 768w\" sizes=\"auto, (max-width: 800px) 100vw, 800px\" \/><\/figure>\n\n\n\n<h2 class=\"wp-block-heading\">Vuelco<\/h2>\n\n\n\n<p>Cami\u00f3n de reparto de mercader\u00edas comestibles despist\u00f3 y volc\u00f3 ayer en la autov\u00eda de la Ruta Nacional 14, en cercan\u00edas a la localidad de Amado Bonpland, departamento de Paso de los Libres.<\/p>\n\n\n\n<p>Como consecuencia, el conductor del transporte result\u00f3 con heridas y despu\u00e9s de ser socorrido por bomberos voluntarios y personal sanitario debieron conducirlo en primera instancia al Centro de Salud de Bonpland, pero m\u00e1s tarde ingres\u00f3 al Hospital San Jos\u00e9 de Paso de los Libres.<\/p>\n\n\n\n<p>El siniestro de tr\u00e1nsito ocurri\u00f3 alrededor de las 14 en el kil\u00f3metro 473. En el lugar el cami\u00f3n marca Iveco sali\u00f3 de la carretera por una causa no precisada, aunque se presume que habr\u00eda incidido la calzada resbaladiza por causa de la lluvia.<\/p>\n\n\n\n<p>A ra\u00edz de los tumbos, el veh\u00edculo qued\u00f3 con las ruedas hacia arriba con la caja t\u00e9rmica destruida y la cabina parcialmente aplastada.<\/p>\n\n\n\n<figure class=\"wp-block-image size-full\"><img loading=\"lazy\" decoding=\"async\" width=\"790\" height=\"545\" src=\"https:\/\/corrientesdetarde.com\/wp-content\/uploads\/2025\/07\/image-523.png\" alt=\"\" class=\"wp-image-217622\" srcset=\"https:\/\/corrientesdetarde.com\/wp-content\/uploads\/2025\/07\/image-523.png 790w, https:\/\/corrientesdetarde.com\/wp-content\/uploads\/2025\/07\/image-523-300x207.png 300w, https:\/\/corrientesdetarde.com\/wp-content\/uploads\/2025\/07\/image-523-768x530.png 768w\" sizes=\"auto, (max-width: 790px) 100vw, 790px\" \/><\/figure>\n\n\n\n<p><\/p>\n","protected":false},"excerpt":{"rendered":"<p>Dos personas murieron y una tercera result\u00f3 herida como consecuencia de tres siniestros de tr\u00e1nsito registrados en la ciudad de Corrientes, en Colonia 3 de Abril y en la localidad&hellip; <\/p>\n","protected":false},"author":1,"featured_media":217620,"comment_status":"closed","ping_status":"open","sticky":false,"template":"","format":"standard","meta":{"footnotes":""},"categories":[33],"tags":[],"class_list":["post-217610","post","type-post","status-publish","format-standard","has-post-thumbnail","hentry","category-policiales"],"_links":{"self":[{"href":"https:\/\/corrientesdetarde.com\/index.php\/wp-json\/wp\/v2\/posts\/217610","targetHints":{"allow":["GET"]}}],"collection":[{"href":"https:\/\/corrientesdetarde.com\/index.php\/wp-json\/wp\/v2\/posts"}],"about":[{"href":"https:\/\/corrientesdetarde.com\/index.php\/wp-json\/wp\/v2\/types\/post"}],"author":[{"embeddable":true,"href":"https:\/\/corrientesdetarde.com\/index.php\/wp-json\/wp\/v2\/users\/1"}],"replies":[{"embeddable":true,"href":"https:\/\/corrientesdetarde.com\/index.php\/wp-json\/wp\/v2\/comments?post=217610"}],"version-history":[{"count":1,"href":"https:\/\/corrientesdetarde.com\/index.php\/wp-json\/wp\/v2\/posts\/217610\/revisions"}],"predecessor-version":[{"id":217623,"href":"https:\/\/corrientesdetarde.com\/index.php\/wp-json\/wp\/v2\/posts\/217610\/revisions\/217623"}],"wp:featuredmedia":[{"embeddable":true,"href":"https:\/\/corrientesdetarde.com\/index.php\/wp-json\/wp\/v2\/media\/217620"}],"wp:attachment":[{"href":"https:\/\/corrientesdetarde.com\/index.php\/wp-json\/wp\/v2\/media?parent=217610"}],"wp:term":[{"taxonomy":"category","embeddable":true,"href":"https:\/\/corrientesdetarde.com\/index.php\/wp-json\/wp\/v2\/categories?post=217610"},{"taxonomy":"post_tag","embeddable":true,"href":"https:\/\/corrientesdetarde.com\/index.php\/wp-json\/wp\/v2\/tags?post=217610"}],"curies":[{"name":"wp","href":"https:\/\/api.w.org\/{rel}","templated":true}]}}