{"id":217618,"date":"2025-07-17T09:02:50","date_gmt":"2025-07-17T12:02:50","guid":{"rendered":"https:\/\/corrientesdetarde.com\/?p=217618"},"modified":"2025-07-17T09:03:02","modified_gmt":"2025-07-17T12:03:02","slug":"israel-bombardea-la-unica-iglesia-catolica-de-gaza-y-hiere-a-un-cura-argentino","status":"publish","type":"post","link":"https:\/\/corrientesdetarde.com\/index.php\/informacion-general\/israel-bombardea-la-unica-iglesia-catolica-de-gaza-y-hiere-a-un-cura-argentino\/","title":{"rendered":"Israel bombardea la \u00fanica iglesia cat\u00f3lica de Gaza y hiere a un cura argentino"},"content":{"rendered":"\n<p>La Iglesia de la Sagrada Familia, la \u00fanica cat\u00f3lica de la Franja de Gaza, que albergaba en su interior a numerosos desplazados por el conflicto, fue alcanzada por un bombardeo israel\u00ed el jueves. As\u00ed lo confirm\u00f3 el Patriarcado Latino de Jerusal\u00e9n en un comunicado, mientras que la agencia de Defensa Civil de Gaza inform\u00f3 que los ataques israel\u00edes mataron a 18 personas en todo el territorio palestino el jueves.<\/p>\n\n\n\n<p>Como resultado del ataque a la Iglesia, varias personas resultaron heridas, entre ellas el p\u00e1rroco argentino Gabriel Romanelli, quien presenta heridas leves en una pierna. Seg\u00fan el comunicado, no se han reportado v\u00edctimas mortales hasta el momento. El edificio sufri\u00f3 graves da\u00f1os estructurales.<\/p>\n\n\n\n<p>Previamente, m\u00e9dicos del Hospital Al-Ahli, en la ciudad de Gaza, informaron de la muerte de dos mujeres en el ataque, atribuido a Israel.<\/p>\n\n\n\n<p>El Ej\u00e9rcito israel\u00ed dijo estar revisando la informaci\u00f3n sobre este \u00faltimo ataque al ser consultado por EFE.<\/p>\n\n\n\n<p>Esta es justamente la iglesia de la que hablaba el fallecido papa Francisco, quien llamaba todos los d\u00edas al p\u00e1rroco Romanelli desde el inicio de la ofensiva israel\u00ed para preguntarle sobre la situaci\u00f3n de Gaza y de los centenares de desplazados que se refugian en ese templo.<\/p>\n\n\n\n<p>No es la primera vez que ocurre un hecho violento en esta iglesia, pero s\u00ed es el primer bombardeo directo que recibe.&nbsp;<\/p>\n\n\n\n<p>En diciembre de 2023, dos meses despu\u00e9s del inicio de la ofensiva israel\u00ed en la Franja de Gaza, un francotirador israel\u00ed abri\u00f3 fuego contra esta parroquia y mat\u00f3 a una madre y a su hija.<\/p>\n\n\n\n<p>Durante 2024, el Ej\u00e9rcito de Israel destruy\u00f3 completamente 815 mezquitas en la Franja de Gaza, seg\u00fan un informe del Ministerio de Asuntos Religiosos de la Autoridad Nacional Palestina (ANP).<\/p>\n\n\n\n<p>En estos lugares, los gazat\u00edes \u2014tras perder la mayor\u00eda de ellos sus casas o ser forzosamente desplazados por la guerra\u2014 han encontrado espacios a los que acudir para refugiarse de las bombas israel\u00edes.&nbsp;<\/p>\n\n\n\n<p><strong>&#8220;Inaceptable&#8221;<\/strong><\/p>\n\n\n\n<p>La primera ministra italiana, Giorgia Meloni, calific\u00f3 este jueves de &#8220;inaceptable&#8221; el ataque perpetrado por Israel contra la parroquia de la Sagrada Familia de Gaza, que se ha saldado con dos muertos y varios heridos.<\/p>\n\n\n\n<p>&#8220;Las incursiones israel\u00edes en Gaza afectan tambi\u00e9n a la Iglesia de la Sagrada Familia. Los ataques contra la poblaci\u00f3n civil que Israel viene demostrando desde hace meses son inaceptables&#8221;, indic\u00f3 Meloni.<\/p>\n","protected":false},"excerpt":{"rendered":"<p>La Iglesia de la Sagrada Familia, la \u00fanica cat\u00f3lica de la Franja de Gaza, que albergaba en su interior a numerosos desplazados por el conflicto, fue alcanzada por un bombardeo&hellip; <\/p>\n","protected":false},"author":1,"featured_media":217624,"comment_status":"closed","ping_status":"open","sticky":false,"template":"","format":"standard","meta":{"footnotes":""},"categories":[1],"tags":[],"class_list":["post-217618","post","type-post","status-publish","format-standard","has-post-thumbnail","hentry","category-informacion-general"],"_links":{"self":[{"href":"https:\/\/corrientesdetarde.com\/index.php\/wp-json\/wp\/v2\/posts\/217618","targetHints":{"allow":["GET"]}}],"collection":[{"href":"https:\/\/corrientesdetarde.com\/index.php\/wp-json\/wp\/v2\/posts"}],"about":[{"href":"https:\/\/corrientesdetarde.com\/index.php\/wp-json\/wp\/v2\/types\/post"}],"author":[{"embeddable":true,"href":"https:\/\/corrientesdetarde.com\/index.php\/wp-json\/wp\/v2\/users\/1"}],"replies":[{"embeddable":true,"href":"https:\/\/corrientesdetarde.com\/index.php\/wp-json\/wp\/v2\/comments?post=217618"}],"version-history":[{"count":1,"href":"https:\/\/corrientesdetarde.com\/index.php\/wp-json\/wp\/v2\/posts\/217618\/revisions"}],"predecessor-version":[{"id":217625,"href":"https:\/\/corrientesdetarde.com\/index.php\/wp-json\/wp\/v2\/posts\/217618\/revisions\/217625"}],"wp:featuredmedia":[{"embeddable":true,"href":"https:\/\/corrientesdetarde.com\/index.php\/wp-json\/wp\/v2\/media\/217624"}],"wp:attachment":[{"href":"https:\/\/corrientesdetarde.com\/index.php\/wp-json\/wp\/v2\/media?parent=217618"}],"wp:term":[{"taxonomy":"category","embeddable":true,"href":"https:\/\/corrientesdetarde.com\/index.php\/wp-json\/wp\/v2\/categories?post=217618"},{"taxonomy":"post_tag","embeddable":true,"href":"https:\/\/corrientesdetarde.com\/index.php\/wp-json\/wp\/v2\/tags?post=217618"}],"curies":[{"name":"wp","href":"https:\/\/api.w.org\/{rel}","templated":true}]}}