{"id":217705,"date":"2025-07-18T01:06:46","date_gmt":"2025-07-18T04:06:46","guid":{"rendered":"https:\/\/corrientesdetarde.com\/?p=217705"},"modified":"2025-07-18T01:06:50","modified_gmt":"2025-07-18T04:06:50","slug":"tiene-14-anos-su-papa-mato-a-su-mama-y-la-justicia-la-autorizo-a-borrar-el-apellido-paterno-de-su-dni","status":"publish","type":"post","link":"https:\/\/corrientesdetarde.com\/index.php\/policiales\/tiene-14-anos-su-papa-mato-a-su-mama-y-la-justicia-la-autorizo-a-borrar-el-apellido-paterno-de-su-dni\/","title":{"rendered":"Tiene 14 a\u00f1os, su pap\u00e1 mat\u00f3 a su mam\u00e1 y la Justicia la autoriz\u00f3 a borrar el apellido paterno de su DNI"},"content":{"rendered":"\n<p>La resoluci\u00f3n fue emitida por un Juzgado de Familia, Ni\u00f1ez y Adolescencia de Corrientes tras un pedido de la nena. Ella fue testigo de c\u00f3mo su padre roci\u00f3 con alcohol a su madre y la asesin\u00f3<\/p>\n\n\n\n<p>El 25 de enero del 2023, una chica por entonces de 12 a\u00f1os del barrio Sedantes de la ciudad de Corrientes fue testigo presencial de un hecho atroz. Ese d\u00eda, su pap\u00e1, C\u00e9sar Daniel Acevedo, roci\u00f3 con alcohol a su mam\u00e1, Alba Edith Ricotti, la prendi\u00f3 fuego en medio de una discusi\u00f3n y la mat\u00f3. Si bien el femicida fue condenado a prisi\u00f3n perpetua, la menor inici\u00f3 un proceso para terminar de cerrar ese cap\u00edtulo: pidi\u00f3 eliminar del DNI su apellido paterno y tras un fallo in\u00e9dito, la Justicia correntina se lo concedi\u00f3.<\/p>\n\n\n\n<p>El fallo fue emitido a principios de mes por el juez Edgardo Frutos, titular del Juzgado de Familia, Ni\u00f1ez y Adolescencia N\u00ba5 de Corrientes, quien reconoci\u00f3 el derecho de la chica, hoy de 14 a\u00f1os, a tener la identidad que ella quiere. Consider\u00f3 que fue v\u00edctima indirecta de un caso de violencia de g\u00e9nero y que ello le produjo da\u00f1o.<\/p>\n\n\n\n<p>&nbsp;<br>La solicitud fue hecha hace poco menos de un a\u00f1o, despu\u00e9s de que el Superior Tribunal de Justicia de Corrientes ratificara la condena a perpetua contra Acevedo. La adolescente fue representada por la abogada Mariana Mendiburu del Ministerio de Justicia y Derechos Humanos de Corrientes, quien luego de ofrecer una serie de pruebas, logr\u00f3 que el juez accediera al pedido.<\/p>\n\n\n\n<p>A partir de ahora, el apellido Acevedo ser\u00e1 suprimido de todos sus documentos y pasar\u00e1 a llamarse \u00fanicamente con el de su madre, Ricotti.<\/p>\n\n\n\n<p>&nbsp;<br>&#8220;Cuando ya ten\u00edamos la sentencia firme, de lo que es el caso de femicidio en la parte penal, iniciamos este proceso que es muy importante en cuanto al derecho de la identidad de la ni\u00f1a, porque ella justamente se siente muy mal, le genera una gran vulneraci\u00f3n ser llamada por ese apellido que obviamente no la representa y que le genera un gran da\u00f1o porque siempre le recuerda la p\u00e9rdida m\u00e1s grande que tuvo que pasar&#8221;, dijo la abogada en di\u00e1logo con Infobae.<\/p>\n\n\n\n<p>En ese sentido, se\u00f1al\u00f3 que la adolescente &#8220;tambi\u00e9n tiene derecho a poder determinar c\u00f3mo quiere llamarse, con motivos tan importantes y claros como los que tiene&#8221;. La iniciativa para eliminar el apellido del pap\u00e1 vino de la propia menor. Apenas ocurri\u00f3 el hecho, la nena comenz\u00f3 a manifestar incomodidad con su identidad.<\/p>\n\n\n\n<p>Cuando tomaban lista en el colegio, sent\u00eda verg\u00fcenza y dolor, por lo que le recordaba solo con escuchar la palabra Acevedo. Ped\u00eda que la llamaran con el apellido Ricotti.<\/p>\n\n\n\n<p>La decisi\u00f3n del juez Frutos se bas\u00f3 no solo en el fallo de la Justicia, ratificado varias veces. El magistrado tuvo en cuenta pericias multidisciplinarias hechas a la menor, que daban cuenta del da\u00f1o psicol\u00f3gico y psiqui\u00e1trico que le produjo el femicidio de su mam\u00e1. El juez estuvo desde el principio en el caso. Siempre estuvo a cargo de la situaci\u00f3n familiar de la nena y contribuy\u00f3 a su contenci\u00f3n.<\/p>\n\n\n\n<p>Infobae habl\u00f3 con Frutos, quien explic\u00f3 los fundamentos de su decisi\u00f3n. Si bien la Ley argentina habilita la posibilidad de supresi\u00f3n del apellido o la modificaci\u00f3n del nombre -dijo-, los motivos tienen que presentar una justificaci\u00f3n suficiente, como en este caso.<\/p>\n\n\n\n<p>&#8220;Fue b\u00e1sicamente el estado emocional de la ni\u00f1a, sus condiciones, su estado de vulnerabilidad ante las implicancias subjetivas de portaci\u00f3n del apellido paterno. Su identificaci\u00f3n en su \u00e1mbito personal, en su desarrollo, en su din\u00e1mica diaria, la estaba afectando psicol\u00f3gicamente y psiqui\u00e1trica y emocionalmente en su vida&#8221;, sostuvo Frutos.<\/p>\n\n\n\n<p>Y a\u00f1adi\u00f3: &#8220;Iba a la escuela y cada vez que se la nombraba con el apellido paterno le provocaba angustia y obviamente eso repercut\u00eda no solamente en su estado emocional, sino tambi\u00e9n incluso en su desarrollo escolar. Tuvimos en cuenta la intervenci\u00f3n que ya ten\u00edamos antes de este pedido. Se me dio intervenci\u00f3n a m\u00ed como juez de familia desde el principio para atender las cuestiones de protecci\u00f3n de la ni\u00f1a como v\u00edctima secundaria de este delito que se cometi\u00f3 hacia la mam\u00e1&#8221;.<\/p>\n\n\n\n<p>Fue clave en la resoluci\u00f3n la audiencia que mantuvo el juez con la adolescente. A lo largo del proceso, Frutos entrevist\u00f3 a la chica varias veces. Sin embargo, en el \u00faltimo encuentro trataron el tema de la identidad. La explicaci\u00f3n de la chica, a quien ya se la considera un sujeto de derecho, fue determinante para otorgarle la posibilidad de eliminar el apellido del padre.<\/p>\n\n\n\n<p>&#8220;Manifest\u00f3 claramente su intenci\u00f3n de no portar m\u00e1s el apellido paterno e identificarse con el materno, con la l\u00ednea materna y tener v\u00ednculos fraternos, espec\u00edficamente con la familia de la mam\u00e1 y no con la paterna. Y eso fue lo determinante&#8221;, a\u00f1adi\u00f3.<\/p>\n\n\n\n<p>Es que adem\u00e1s de la supresi\u00f3n del apellido, la Justicia tambi\u00e9n le prohibi\u00f3 al padre y a toda su familia a acercarse a la chica. Para la menor, sus v\u00ednculos solo se llevan adelante con la l\u00ednea materna.<\/p>\n\n\n\n<p>&#8220;Ella manifiesta no mantener ning\u00fan tipo de lazo ni de comunicaci\u00f3n con ni con su progenitor, ni con la familia paterna. Eso lo tuvimos en cuenta&#8221;, dijo Frutos, quien dijo que no tiene conocimiento de un caso previo similar.<\/p>\n\n\n\n<p>Si bien hay otras situaciones en la que la Justicia en distintos lugares del pa\u00eds permiti\u00f3 la eliminaci\u00f3n del apellido paterno o maternos por maltratos familiares o abandonos, el juez asegur\u00f3 que no hay un antecedente que hayan derivado de un femicidio. Sin embargo, fue algo que no tuvo en cuenta para emitir la resoluci\u00f3n. La abogada Mendiburu ratific\u00f3 el mismo dato.<\/p>\n\n\n\n<p>&nbsp;<br>La tutela de la menor fue concedida a la t\u00eda. Seg\u00fan cont\u00f3 la letrada, la noticia fue tomada con mucha felicidad por parte de la chica.<\/p>\n\n\n\n<p>&#8220;Yo siempre tengo una comunicaci\u00f3n muy fluida con toda la familia. La t\u00eda que es quien tiene la tutela al d\u00eda de hoy de ella, con quien llevamos adelante el proceso. Me dec\u00eda que se lo dijo y que la nena empez\u00f3 a saltar, a dar brincos en la cama. Estaba s\u00faper contenta, que sonr\u00ede y que est\u00e1 con muchas ganas ya de tramitar su nuevo DNI&#8221;, relat\u00f3.<\/p>\n\n\n\n<p>&#8220;Falto hacer ahora toda la documentaci\u00f3n, todos los tr\u00e1mites que ahora quedan por hacer para que esto se haga efectivo. Ni bien iniciamos el tr\u00e1mite, ella ya quer\u00eda su sentencia, es algo muy positivo para su vida&#8221;, concluy\u00f3.<\/p>\n\n\n\n<h3 class=\"wp-block-heading\">El crimen<\/h3>\n\n\n\n<p>&nbsp;<br>De acuerdo con la investigaci\u00f3n, aquel 25 de enero de 2023, Acevedo prendi\u00f3 fuego a Alba despu\u00e9s de que la mujer le dijera que quer\u00eda terminar la relaci\u00f3n. Todo delante de la nena, cuyo testimonio en C\u00e1mara Gesell fue clave para la sentencia.<\/p>\n\n\n\n<p>Seg\u00fan el relato de la menor, su madre conversaba con el imputado hasta que le dijo que su relaci\u00f3n hab\u00eda terminado. La reacci\u00f3n violenta de Acevedo no se hizo esperar y arrastr\u00f3 a la v\u00edctima hacia el patio de la vivienda. Cuando la ni\u00f1a entr\u00f3 a la casa de nuevo, escuch\u00f3 el ruido de un l\u00edquido, abri\u00f3 la puerta y la vio a su madre envuelta en llamas. Alba, una t\u00e9cnica de laboratorio muy querida en el Hospital Pedi\u00e1trico &#8220;Juan Pablo II&#8221;, agoniz\u00f3 durante cuatro d\u00edas.<\/p>\n\n\n\n<p>&#8220;Este relato y la autor\u00eda de Acevedo se ve respaldada por todas las comunicaciones que realiza la v\u00edctima con su hermana, sus compa\u00f1eras de trabajo y su amiga a quienes contaba todas las agresiones que sufr\u00eda y que hab\u00eda sufrido esa \u00faltima semana por parte de Acevedo&#8221;, indic\u00f3 el Poder Judicial correntino luego de la ratificaci\u00f3n de la condena.<\/p>\n","protected":false},"excerpt":{"rendered":"<p>La resoluci\u00f3n fue emitida por un Juzgado de Familia, Ni\u00f1ez y Adolescencia de Corrientes tras un pedido de la nena. Ella fue testigo de c\u00f3mo su padre roci\u00f3 con alcohol&hellip; <\/p>\n","protected":false},"author":4,"featured_media":217706,"comment_status":"closed","ping_status":"open","sticky":false,"template":"","format":"standard","meta":{"footnotes":""},"categories":[33],"tags":[],"class_list":["post-217705","post","type-post","status-publish","format-standard","has-post-thumbnail","hentry","category-policiales"],"_links":{"self":[{"href":"https:\/\/corrientesdetarde.com\/index.php\/wp-json\/wp\/v2\/posts\/217705","targetHints":{"allow":["GET"]}}],"collection":[{"href":"https:\/\/corrientesdetarde.com\/index.php\/wp-json\/wp\/v2\/posts"}],"about":[{"href":"https:\/\/corrientesdetarde.com\/index.php\/wp-json\/wp\/v2\/types\/post"}],"author":[{"embeddable":true,"href":"https:\/\/corrientesdetarde.com\/index.php\/wp-json\/wp\/v2\/users\/4"}],"replies":[{"embeddable":true,"href":"https:\/\/corrientesdetarde.com\/index.php\/wp-json\/wp\/v2\/comments?post=217705"}],"version-history":[{"count":1,"href":"https:\/\/corrientesdetarde.com\/index.php\/wp-json\/wp\/v2\/posts\/217705\/revisions"}],"predecessor-version":[{"id":217707,"href":"https:\/\/corrientesdetarde.com\/index.php\/wp-json\/wp\/v2\/posts\/217705\/revisions\/217707"}],"wp:featuredmedia":[{"embeddable":true,"href":"https:\/\/corrientesdetarde.com\/index.php\/wp-json\/wp\/v2\/media\/217706"}],"wp:attachment":[{"href":"https:\/\/corrientesdetarde.com\/index.php\/wp-json\/wp\/v2\/media?parent=217705"}],"wp:term":[{"taxonomy":"category","embeddable":true,"href":"https:\/\/corrientesdetarde.com\/index.php\/wp-json\/wp\/v2\/categories?post=217705"},{"taxonomy":"post_tag","embeddable":true,"href":"https:\/\/corrientesdetarde.com\/index.php\/wp-json\/wp\/v2\/tags?post=217705"}],"curies":[{"name":"wp","href":"https:\/\/api.w.org\/{rel}","templated":true}]}}