{"id":217716,"date":"2025-07-18T01:54:46","date_gmt":"2025-07-18T04:54:46","guid":{"rendered":"https:\/\/corrientesdetarde.com\/?p=217716"},"modified":"2025-07-18T01:54:50","modified_gmt":"2025-07-18T04:54:50","slug":"detuvieron-a-piratas-del-asfalto-oriundos-de-paso-de-los-libres","status":"publish","type":"post","link":"https:\/\/corrientesdetarde.com\/index.php\/policiales\/detuvieron-a-piratas-del-asfalto-oriundos-de-paso-de-los-libres\/","title":{"rendered":"Detuvieron a &#8220;piratas del asfalto&#8221; oriundos de Paso de los Libres"},"content":{"rendered":"\n<p>Ambos sospechoso cuentan con amplios antecedentes delictivos. Habr\u00edan participado de un robo a un camionero registrado el martes \u00faltimo. Tras el hecho uno camin\u00f3 por la carretera mientras que el c\u00f3mplice se intern\u00f3 en un campo privado. Los dos fueron detenidos.&nbsp;&nbsp;<\/p>\n\n\n\n<p>Personal de la Divisi\u00f3n de Investigaci\u00f3n Criminal de Curuz\u00fa Cuati\u00e1 a ra\u00edz de una solicitud de colaboraci\u00f3n de la Comisar\u00eda de Colonia Libertad departamento de Monte Caseros, se traslad\u00f3 para brindar apoyo luego de que en la noche del d\u00eda martes 15 de julio, un cami\u00f3n sufri\u00f3 el robo de mercader\u00edas cuando se hallaba estacionado en una Estaci\u00f3n de Servicios ubicado sobre la Autov\u00eda 14.&nbsp;<\/p>\n\n\n\n<p>Poco despu\u00e9s de cometerse el hecho un m\u00f3vil de la Comisar\u00eda de Colonia Libertad pudo perseguir y demorar a un veh\u00edculo que tendr\u00eda relaci\u00f3n en el hecho y detener al conductor de nacionalidad Uruguaya. &nbsp;Mientras que dos sujetos que tambi\u00e9n ven\u00edan en el veh\u00edculo utilitario con dominio adulterado y documentaciones que no correspond\u00edan, habr\u00edan escapado por la zona de monte.&nbsp;<\/p>\n\n\n\n<p>En el lugar personal dependiente de la Divisi\u00f3n de Investigaci\u00f3n Criminal de Curuz\u00fa Cuati\u00e1 a cargo del Comisario Inspector Roberto Ayala colabor\u00f3 en la b\u00fasqueda y localizaci\u00f3n de los pr\u00f3fugos.<\/p>\n\n\n\n<p>As\u00ed fue que en la zona de la autov\u00eda 14 entre la Estaci\u00f3n de Servicios conocida como &#8220;El Naranjal&#8221; y el kil\u00f3metro N\u00b0419, en la tarde del mi\u00e9rcoles 16 de julio, uno de los pr\u00f3fugos caminaba&nbsp; por la banquina y al observar la presencia policial comenz\u00f3 a huir dentro del campo, siendo perseguidos a pie por los efectivos para despu\u00e9s ser detenido. Tenia antecedentes y contaba con un pedido de captura activo.<\/p>\n\n\n\n<figure class=\"wp-block-image\"><img decoding=\"async\" src=\"https:\/\/www.diarioepoca.com\/content\/bucket\/8\/1439338w380h249c.jpg.webp\" alt=\"\"\/><\/figure>\n\n\n\n<p>Continuando el recorrido por la zona, el m\u00f3vil policial es alertado por personal de una Estancia a la vera de la autov\u00eda 14, indicando que hab\u00eda un sujeto en su interior. Con la autorizaci\u00f3n del caso accedieron y dieron con la detenci\u00f3n del segundo pr\u00f3fugo en la causa, este hombre tambi\u00e9n con antecedentes ten\u00eda pedido de captura.<\/p>\n\n\n\n<p>Ambos sujetos son oriundos de Paso de los Libres.&nbsp;<\/p>\n\n\n\n<p>Estas personas fueron trasladas hasta la dependencia policial de Colonia Libertad donde quedaron a disposici\u00f3n de las autoridades judiciales, quienes continuaran con las diligencias de rigor correspondientes.<\/p>\n\n\n\n<p><\/p>\n","protected":false},"excerpt":{"rendered":"<p>Ambos sospechoso cuentan con amplios antecedentes delictivos. Habr\u00edan participado de un robo a un camionero registrado el martes \u00faltimo. Tras el hecho uno camin\u00f3 por la carretera mientras que el&hellip; <\/p>\n","protected":false},"author":4,"featured_media":217717,"comment_status":"closed","ping_status":"open","sticky":false,"template":"","format":"standard","meta":{"footnotes":""},"categories":[33],"tags":[],"class_list":["post-217716","post","type-post","status-publish","format-standard","has-post-thumbnail","hentry","category-policiales"],"_links":{"self":[{"href":"https:\/\/corrientesdetarde.com\/index.php\/wp-json\/wp\/v2\/posts\/217716","targetHints":{"allow":["GET"]}}],"collection":[{"href":"https:\/\/corrientesdetarde.com\/index.php\/wp-json\/wp\/v2\/posts"}],"about":[{"href":"https:\/\/corrientesdetarde.com\/index.php\/wp-json\/wp\/v2\/types\/post"}],"author":[{"embeddable":true,"href":"https:\/\/corrientesdetarde.com\/index.php\/wp-json\/wp\/v2\/users\/4"}],"replies":[{"embeddable":true,"href":"https:\/\/corrientesdetarde.com\/index.php\/wp-json\/wp\/v2\/comments?post=217716"}],"version-history":[{"count":1,"href":"https:\/\/corrientesdetarde.com\/index.php\/wp-json\/wp\/v2\/posts\/217716\/revisions"}],"predecessor-version":[{"id":217718,"href":"https:\/\/corrientesdetarde.com\/index.php\/wp-json\/wp\/v2\/posts\/217716\/revisions\/217718"}],"wp:featuredmedia":[{"embeddable":true,"href":"https:\/\/corrientesdetarde.com\/index.php\/wp-json\/wp\/v2\/media\/217717"}],"wp:attachment":[{"href":"https:\/\/corrientesdetarde.com\/index.php\/wp-json\/wp\/v2\/media?parent=217716"}],"wp:term":[{"taxonomy":"category","embeddable":true,"href":"https:\/\/corrientesdetarde.com\/index.php\/wp-json\/wp\/v2\/categories?post=217716"},{"taxonomy":"post_tag","embeddable":true,"href":"https:\/\/corrientesdetarde.com\/index.php\/wp-json\/wp\/v2\/tags?post=217716"}],"curies":[{"name":"wp","href":"https:\/\/api.w.org\/{rel}","templated":true}]}}