{"id":217966,"date":"2025-07-19T16:14:37","date_gmt":"2025-07-19T19:14:37","guid":{"rendered":"https:\/\/corrientesdetarde.com\/?p=217966"},"modified":"2025-07-19T16:14:49","modified_gmt":"2025-07-19T19:14:49","slug":"la-corte-de-brasil-le-impuso-a-bolsonaro-el-uso-de-tobillera-electronica-y-le-prohibio-la-utilizacion-de-redes","status":"publish","type":"post","link":"https:\/\/corrientesdetarde.com\/index.php\/internacionales\/la-corte-de-brasil-le-impuso-a-bolsonaro-el-uso-de-tobillera-electronica-y-le-prohibio-la-utilizacion-de-redes\/","title":{"rendered":"La Corte de Brasil le impuso a Bolsonaro el uso de tobillera electr\u00f3nica y le prohibi\u00f3 la utilizaci\u00f3n de redes"},"content":{"rendered":"\n<p>El expresidente brasile\u00f1o es juzgado por un intento de golpe de Estado. Su pena podr\u00eda ascender hasta 40 a\u00f1os de c\u00e1rcel.<\/p>\n\n\n\n<p>La Corte Suprema de Brasil dict\u00f3 este viernes nuevas medidas cautelares contra el expresidente&nbsp;<strong>Jair Bolsonaro<\/strong>, procesado por golpismo, entre ellas el&nbsp;<strong>uso de tobillera electr\u00f3nica y la prohibici\u00f3n de acceder a sus redes sociales<\/strong>, informaron medios locales.<\/p>\n\n\n\n<p>Bolsonaro fue acusado por la Justicia de Brasil de&nbsp;<strong>\u201cliderar\u201d un complot golpista&nbsp;<\/strong>para mantenerse en el poder tras su derrota en las elecciones de 2022, en las cuales triunf\u00f3 el actual gobernante,&nbsp;<strong>Luiz In\u00e1cio Lula da Silva.<\/strong><\/p>\n\n\n\n<p>Esta ma\u00f1ana, la Polic\u00eda Federal de Brasil registr\u00f3 los domicilios vinculados a Bolsonaro. Los agentes cumplieron&nbsp;<strong>dos \u00f3rdenes de registro y confiscaci\u00f3n en Brasilia<\/strong>, adem\u00e1s de otras medidas cautelares.<\/p>\n\n\n\n<p>La otra orden de registro tuvo lugar en la sede del Partido Liberal (PL), formaci\u00f3n que lidera el capit\u00e1n retirado del Ej\u00e9rcito. La fiscal\u00eda brasile\u00f1a pidi\u00f3 que el expresidente y siete de sus colaboradores sean condenados por&nbsp;<strong>\u201casociaci\u00f3n criminal armada\u201d<\/strong>&nbsp;<strong>y \u201cgolpe de Estado\u201d<\/strong>, entre otros delitos.<\/p>\n\n\n\n<p>Seg\u00fan informaci\u00f3n publicada por el portal&nbsp;<em>G1<\/em>,Bolsonaro<strong>&nbsp;deber\u00e1 permanecer en casa entre las 19:00 y las 7:00.<\/strong><\/p>\n\n\n\n<p>Adem\u00e1s, se le prohibi\u00f3 al expresidente comunicarse con embajadores y diplom\u00e1ticos extranjeros y otros acusados en la trama golpista, as\u00ed como acercarse a las embajadas.<\/p>\n\n\n\n<figure class=\"wp-block-image\"><img decoding=\"async\" src=\"https:\/\/tn.com.ar\/resizer\/v2\/la-fiscalia-que-investiga-a-bolsonaro-pidio-que-sea-condenado-por-intentar-dar-un-golpe-de-estado-foto-reuters-7VLURR6FFBHAFNNPP4DL7JKOVQ.jpg?auth=0be19ba162e5f81e5ed4c8fc505df843cfd40e04ee9c7ce1a61b888ee3c235b3&amp;width=767\" alt=\"La fiscal\u00eda que investiga a Bolsonaro pidi\u00f3 que sea condenado por intentar dar un golpe de Estado (Foto: Reuters)\"\/><\/figure>\n\n\n\n<p>\u201cComprobada la participaci\u00f3n de las personas en los hechos, el fiscal general de la rep\u00fablica reforz\u00f3 que sean condenados por (&#8230;) organizaci\u00f3n criminal armada\u201d, \u201ctentativa de abolici\u00f3n del estado democr\u00e1tico\u201d, \u201cgolpe de Estado\u201d y otros delitos relacionados con da\u00f1os a bienes p\u00fablicos, afirm\u00f3 la fiscal\u00eda.<\/p>\n\n\n\n<h2 class=\"wp-block-heading\">Donald Trump respald\u00f3 a Bolsonaro: \u201cEs un buen hombre\u201d<\/h2>\n\n\n\n<p>El presidente estadounidense,\u00a0<strong>Donald Trump<\/strong>, reiter\u00f3 esta semana su apoyo a\u00a0<strong>Jair Bolsonaro<\/strong>. Sin mencionar sus\u00a0amenazas de aplicar aranceles del 50% a productos brasile\u00f1os, como hizo la semana pasada, Trump asegur\u00f3 que Bolsonaro es \u201cun buen hombre\u201d y dijo que el juicio al que es sometido por la Corte Suprema brasile\u00f1a es una \u201c<strong>caza de brujas<\/strong>\u201d.<\/p>\n\n\n\n<figure class=\"wp-block-image\"><img decoding=\"async\" src=\"https:\/\/tn.com.ar\/resizer\/v2\/donald-trump-y-jair-bolsonaro-en-otros-tiempos-foto-de-archivo-efe-OKZUQ6LE6FCQ3BVMMJIGP7W3KU.jpg?auth=add25e2e0c209e2afca980da9e99532be8cbf95eebfb721cfa29b5f1ade3f485&amp;width=767\" alt=\"Donald Trump y Jair Bolsonaro, en otros tiempos (Foto de archivo. EFE)\"\/><\/figure>\n\n\n\n<p>\u201cBolsonaro es un buen hombre. He conocido a muchos primeros ministros, presidentes, reyes y reinas, y s\u00e9 que soy bastante bueno en esto. Bolsonaro no es un hombre deshonesto. Ama al pueblo brasile\u00f1o. Luch\u00f3 con ah\u00ednco por el pueblo brasile\u00f1o\u201d, expres\u00f3 Trump.<\/p>\n\n\n\n<p>Trump ahond\u00f3 en su relaci\u00f3n con el exmandatario: \u201cLo conozco. No es amigo m\u00edo, es un conocido. Lo conozco como representante de millones de brasile\u00f1os. Son gente maravillosa. \u00c9l ama a su pa\u00eds, luch\u00f3 con ah\u00ednco por esa gente y quieren meterlo en la c\u00e1rcel. Creo que&nbsp;<strong>es una caza de brujas y que es muy lamentable\u201c<\/strong>, complet\u00f3.<\/p>\n","protected":false},"excerpt":{"rendered":"<p>El expresidente brasile\u00f1o es juzgado por un intento de golpe de Estado. Su pena podr\u00eda ascender hasta 40 a\u00f1os de c\u00e1rcel. La Corte Suprema de Brasil dict\u00f3 este viernes nuevas&hellip; <\/p>\n","protected":false},"author":8,"featured_media":217967,"comment_status":"closed","ping_status":"open","sticky":false,"template":"","format":"standard","meta":{"footnotes":""},"categories":[11],"tags":[],"class_list":["post-217966","post","type-post","status-publish","format-standard","has-post-thumbnail","hentry","category-internacionales"],"_links":{"self":[{"href":"https:\/\/corrientesdetarde.com\/index.php\/wp-json\/wp\/v2\/posts\/217966","targetHints":{"allow":["GET"]}}],"collection":[{"href":"https:\/\/corrientesdetarde.com\/index.php\/wp-json\/wp\/v2\/posts"}],"about":[{"href":"https:\/\/corrientesdetarde.com\/index.php\/wp-json\/wp\/v2\/types\/post"}],"author":[{"embeddable":true,"href":"https:\/\/corrientesdetarde.com\/index.php\/wp-json\/wp\/v2\/users\/8"}],"replies":[{"embeddable":true,"href":"https:\/\/corrientesdetarde.com\/index.php\/wp-json\/wp\/v2\/comments?post=217966"}],"version-history":[{"count":1,"href":"https:\/\/corrientesdetarde.com\/index.php\/wp-json\/wp\/v2\/posts\/217966\/revisions"}],"predecessor-version":[{"id":217968,"href":"https:\/\/corrientesdetarde.com\/index.php\/wp-json\/wp\/v2\/posts\/217966\/revisions\/217968"}],"wp:featuredmedia":[{"embeddable":true,"href":"https:\/\/corrientesdetarde.com\/index.php\/wp-json\/wp\/v2\/media\/217967"}],"wp:attachment":[{"href":"https:\/\/corrientesdetarde.com\/index.php\/wp-json\/wp\/v2\/media?parent=217966"}],"wp:term":[{"taxonomy":"category","embeddable":true,"href":"https:\/\/corrientesdetarde.com\/index.php\/wp-json\/wp\/v2\/categories?post=217966"},{"taxonomy":"post_tag","embeddable":true,"href":"https:\/\/corrientesdetarde.com\/index.php\/wp-json\/wp\/v2\/tags?post=217966"}],"curies":[{"name":"wp","href":"https:\/\/api.w.org\/{rel}","templated":true}]}}