{"id":217969,"date":"2025-07-19T16:23:35","date_gmt":"2025-07-19T19:23:35","guid":{"rendered":"https:\/\/corrientesdetarde.com\/?p=217969"},"modified":"2025-07-19T16:23:46","modified_gmt":"2025-07-19T19:23:46","slug":"sin-infraestructura-todo-es-mas-caro-el-reclamo-que-unio-al-campo-la-industria-y-la-construccion","status":"publish","type":"post","link":"https:\/\/corrientesdetarde.com\/index.php\/actualidad\/sin-infraestructura-todo-es-mas-caro-el-reclamo-que-unio-al-campo-la-industria-y-la-construccion\/","title":{"rendered":"\u201cSin infraestructura, todo es m\u00e1s caro\u201d: el reclamo que uni\u00f3 al campo, la industria y la construcci\u00f3n"},"content":{"rendered":"\n<p>En la Exposici\u00f3n Rural 2025, representantes de diversos sectores econ\u00f3micos coincidieron en la urgencia de planificar y financiar obras estrat\u00e9gicas que impulsen la competitividad del pa\u00eds.<\/p>\n\n\n\n<p>Con un fuerte llamado a la planificaci\u00f3n a largo plazo y la inversi\u00f3n en\u00a0<strong>obras estructurales<\/strong>, se desarroll\u00f3 este jueves la\u00a0<strong>Jornada Construir Productividad<\/strong>, organizada por el Consejo de Pol\u00edticas de Infraestructura (CPI) en el marco de la Exposici\u00f3n Rural 2025.<\/p>\n\n\n\n<p>La actividad reuni\u00f3 a referentes clave de la econom\u00eda, el agro, la construcci\u00f3n, la industria, el sindicalismo y el sector financiero en las Salas Ceibo A y B del predio ferial de Palermo.<\/p>\n\n\n\n<p>El CPI, concebido como un espacio de di\u00e1logo multisectorial, funciona como usina de ideas y propuestas orientadas a diagnosticar las principales falencias en materia de infraestructura, as\u00ed como tambi\u00e9n a construir consensos entre los sectores p\u00fablico y privado.<\/p>\n\n\n\n<p>Su meta: generar estudios y proyectos que contemplen las necesidades reales del sistema productivo argentino.<\/p>\n\n\n\n<figure class=\"wp-block-image\"><img decoding=\"async\" src=\"https:\/\/tn.com.ar\/resizer\/v2\/asistentes-al-panel-inaugural-del-cpi-durante-la-jornada-construir-productividad-en-la-exposicion-rural-2025-foto-sra-5CPLQAFBRRENRMEFPXDCIFX3QY.webp?auth=68a51af0740d053be5785da330547b65722724d179fc5e8b75d0511d3fd3c519&amp;width=767\" alt=\"Asistentes al panel inaugural del CPI, durante la jornada \u201cConstruir Productividad\u201d en la Exposici\u00f3n Rural 2025. (Foto: SRA).\"\/><\/figure>\n\n\n\n<h2 class=\"wp-block-heading\">Consenso multisectorial por obras clave<\/h2>\n\n\n\n<p>El panel de apertura fue encabezado por figuras de peso:&nbsp;<strong>Javier Bolzico&nbsp;<\/strong>(ADEBA),<strong>&nbsp;Adelmo Gabbi<\/strong>&nbsp;(BCBA),&nbsp;<strong>Nicol\u00e1s Pino<\/strong>&nbsp;(SRA),&nbsp;<strong>Natalio Mario Grinman&nbsp;<\/strong>(CAC),&nbsp;<strong>Gustavo Weiss<\/strong>&nbsp;(CAMARCO),<strong>&nbsp;Cristian Jer\u00f3nimo<\/strong>&nbsp;(CGT),&nbsp;<strong>Rodrigo P\u00e9rez Graziano<\/strong>&nbsp;(UIA) y&nbsp;<strong>Gerardo Mart\u00ednez<\/strong>&nbsp;(UOCRA), quienes expusieron desde distintos \u00e1ngulos las urgencias y desaf\u00edos que enfrenta el pa\u00eds en infraestructura.<\/p>\n\n\n\n<p>El presidente de la Sociedad Rural Argentina (SRA) fue uno de los m\u00e1s enf\u00e1ticos al advertir que \u201cel 85% de los d\u00f3lares que ingresan al pa\u00eds provienen del campo\u201d, pero que esa capacidad productiva est\u00e1 lastrada por la precariedad en la log\u00edstica: \u201c<strong>Los fletes son car\u00edsimos\u00a0<\/strong>porque no hay\u00a0<strong>infraestructura vial<\/strong>\u00a0suficiente. Necesitamos caminos, ferrocarriles y la famosa hidrov\u00eda\u201d, reclam\u00f3.<\/p>\n\n\n\n<p>Pino tambi\u00e9n plante\u00f3 que \u201cen un pa\u00eds ordenado, cada uno tiene que poder hacer su parte. El Gobierno debe generar las condiciones l\u00f3gicas, y nosotros aceptar la responsabilidad de producir m\u00e1s\u201d. Pero advirti\u00f3 que sin condiciones estructurales m\u00ednimas, \u201ces una utop\u00eda pedir mejoras productivas\u201d.<\/p>\n\n\n\n<p>\u201cSi no tomamos conciencia de que la infraestructura debe ser una pol\u00edtica de Estado, seguiremos quej\u00e1ndonos de los costos sin resolverlos. El momento de actuar es ahora\u201d, destac\u00f3 el ruralista, sintetizando un reclamo que atraviesa transversalmente a todos los actores productivos del pa\u00eds.<\/p>\n\n\n\n<figure class=\"wp-block-image\"><img decoding=\"async\" src=\"https:\/\/tn.com.ar\/resizer\/v2\/rutas-deterioradas-una-postal-que-refleja-anos-de-desinversion-en-infraestructura-vial-foto-tn-HOJW2FTBRZA6VFPRAIATWV5FY4.jpeg?auth=288219631bdcb30c883e52998ac6d8e586f109b5edb415fc941f694491aeae64&amp;width=767\" alt=\"Rutas deterioradas: una postal que refleja a\u00f1os de desinversi\u00f3n en infraestructura vial. (Foto: TN).\"\/><\/figure>\n\n\n\n<h2 class=\"wp-block-heading\">Las entidades tienen la palabra: un pa\u00eds que necesita infraestructura para crecer<\/h2>\n\n\n\n<p>Bolzico, presidente de la Asociaci\u00f3n de Bancos Argentinos (ADEBA), puso el foco en la previsibilidad jur\u00eddica como condici\u00f3n esencial para que el sector privado pueda involucrarse en el financiamiento de obras. \u201cUna ruta o un puente requieren estabilidad de 10, 15 o 20 a\u00f1os. Por eso trabajamos para generar la certeza institucional que garantice el cumplimiento de contratos\u201d, explic\u00f3.<\/p>\n\n\n\n<p>Desde la Bolsa de Comercio de Buenos Aires (BCBA), Gabbi se mostr\u00f3 optimista con la actual administraci\u00f3n nacional. \u201cVan a aparecer instrumentos importantes para revertir las d\u00e9cadas de atraso en infraestructura. Los mercados de capitales ser\u00e1n clave para financiar ese proceso\u201d, asegur\u00f3.<\/p>\n\n\n\n<p>Por su parte, Grinman, titular de la C\u00e1mara Argentina de Comercio y Servicios (CAC), plante\u00f3 que el gran problema argentino es la desconfianza.<\/p>\n\n\n\n<p>\u201cEste pa\u00eds perdi\u00f3 la confianza hace d\u00e9cadas. No se recupera en 18 meses, pero hay que empezar. Sin obras, el potencial productivo no se traslada a resultados concretos\u201d, reflexion\u00f3.<\/p>\n\n\n\n<p>El presidente de la C\u00e1mara Argentina de la Construcci\u00f3n (CAMARCO), Weiss, apunt\u00f3 a los fondos espec\u00edficos recaudados por el Estado nacional. \u201cEl Gobierno ha acumulado recursos importantes, como los derivados del impuesto a los combustibles, pero&nbsp;<strong>no los est\u00e1 destinando a obras. Hay dinero disponible<\/strong>&nbsp;que no proviene del Tesoro y que podr\u00eda reactivar la infraestructura en varias regiones del pa\u00eds\u201d, denunci\u00f3.<\/p>\n\n\n\n<p>En representaci\u00f3n de la CGT, Jer\u00f3nimo destac\u00f3 la mirada del mundo del trabajo: \u201cNecesitamos infraestructura para un desarrollo sustentable y duradero. Solo as\u00ed vamos a poder reconstruir una Argentina con esperanzas y oportunidades\u201d.<\/p>\n\n\n\n<p>P\u00e9rez Graziano, vicepresidente sectorial de la Uni\u00f3n Industrial Argentina (UIA), subray\u00f3 c\u00f3mo el d\u00e9ficit estructural impacta directamente en la competitividad.&nbsp;<strong>\u201cTransportar una tonelada desde Salta al puerto cuesta lo mismo que desde Buenos Aires a China<\/strong>. Ese es el costo argentino. Sin infraestructura, no podemos ser competitivos\u201d, advirti\u00f3.<\/p>\n\n\n\n<p>Sin embargo, valor\u00f3 el espacio del CPI como un punto de encuentro entre sectores: \u201cHoy estamos todos: financiamiento, producci\u00f3n y trabajo.&nbsp;<strong>La riqueza se genera con competitividad, y sin infraestructura eso no es posible<\/strong>\u201d.<\/p>\n\n\n\n<p>El cierre estuvo a cargo de Mart\u00ednez, secretario general de la UOCRA, quien realiz\u00f3 una fuerte cr\u00edtica a la gesti\u00f3n nacional.&nbsp;<strong>\u201cHay dos velocidades en el Gobierno: la del ajuste financiero y la del desarrollo productivo<\/strong>. No queremos que fracasen, pero s\u00ed queremos que escuchen. Ya estamos cansados de fracasos\u201d, dijo.<\/p>\n\n\n\n<p>Adem\u00e1s, pidi\u00f3 terminar con la discrecionalidad en la ejecuci\u00f3n de obras y exigi\u00f3 transparencia: \u201cSi queremos ser un pa\u00eds serio,&nbsp;<strong>necesitamos reglas claras y conducta institucional<\/strong>\u201d.<\/p>\n\n\n\n<figure class=\"wp-block-image\"><img decoding=\"async\" src=\"https:\/\/tn.com.ar\/resizer\/v2\/unidad-de-criterio-referentes-multisectoriales-coincidieron-en-la-urgencia-de-invertir-en-infraestructura-foto-x-gmuocra-LEDIVCRXXZEE3PDGJANJMY24BA.jpg?auth=658de61fc5e88f6e83e47f8ee1dc1a0c62ed354e7f5858ae75b3d13760f6880d&amp;width=767\" alt=\"Unidad de criterio: referentes multisectoriales coincidieron en la urgencia de invertir en infraestructura. (Foto: X gmuocra).\"\/><\/figure>\n\n\n\n<p>Durante la jornada tambi\u00e9n se desarrollaron cuatro bloques tem\u00e1ticos. El primero abord\u00f3 la \u201cInversi\u00f3n en Infraestructura\u201d, con exposiciones de&nbsp;<strong>Tom\u00e1s Palaz\u00f3n<\/strong>&nbsp;(SRA) y&nbsp;<strong>Fernando Lago<\/strong>&nbsp;(CPI), quienes analizaron el stock actual como base para nuevas pol\u00edticas. Sobre energ\u00eda habl\u00f3 el&nbsp;<strong>ingeniero Alberto Calsiano<\/strong>&nbsp;(UIA), mientras que el&nbsp;<strong>arquitecto Gustavo G\u00e1ndara<\/strong>&nbsp;(Fundaci\u00f3n UOCRA) abord\u00f3 el impacto en el empleo.<\/p>\n\n\n\n<p>En el segundo bloque, centrado en infraestructura h\u00eddrica, se presentaron los casos de la Cuenca del Salado, a cargo del&nbsp;<strong>ingeniero Marcelo Rastelli<\/strong>, y la Cuenca del R\u00edo Bermejo, abordada por el&nbsp;<strong>ingeniero Gustavo Villa Uria<\/strong>, con \u00e9nfasis en escenarios futuros.<\/p>\n\n\n\n<p>La tercera parte de la jornada se focaliz\u00f3 en log\u00edstica. Disertaron el&nbsp;<strong>ingeniero Bernardino Capra<\/strong>&nbsp;sobre caminos rurales; el&nbsp;<strong>ingeniero Fabrizio Cattaneo<\/strong>&nbsp;sobre rutas nacionales y provinciales;&nbsp;<strong>Gustavo Santiago<\/strong>&nbsp;(UIA) expuso sobre ferrocarriles; el&nbsp;<strong>ingeniero Alfredo Ses\u00e9<\/strong>&nbsp;(Bolsa de Comercio de Rosario) sobre la V\u00eda Navegable Troncal, y&nbsp;<strong>Alejandra Cardona&nbsp;<\/strong>(CAEM) sobre el rol de la miner\u00eda en el sistema log\u00edstico nacional.<\/p>\n\n\n\n<p>Finalmente, el bloque cuatro se centr\u00f3 en tecnolog\u00eda. El \u00c1rea de Pensamiento Estrat\u00e9gico de CAMARCO mostr\u00f3 soluciones de la&nbsp;<strong>inteligencia artificial<\/strong>&nbsp;aplicadas al agro y la infraestructura, en una demostraci\u00f3n que vincul\u00f3 innovaci\u00f3n y desarrollo con eficiencia y planificaci\u00f3n.<\/p>\n\n\n\n<p>El CPI logr\u00f3, al menos por un d\u00eda, reunir voces diversas con un mismo objetivo: dejar de hablar de infraestructura como un problema del pasado y empezar a construirla como base del futuro.<\/p>\n\n\n\n<p><\/p>\n","protected":false},"excerpt":{"rendered":"<p>En la Exposici\u00f3n Rural 2025, representantes de diversos sectores econ\u00f3micos coincidieron en la urgencia de planificar y financiar obras estrat\u00e9gicas que impulsen la competitividad del pa\u00eds. Con un fuerte llamado&hellip; <\/p>\n","protected":false},"author":8,"featured_media":217970,"comment_status":"closed","ping_status":"open","sticky":false,"template":"","format":"standard","meta":{"footnotes":""},"categories":[23],"tags":[],"class_list":["post-217969","post","type-post","status-publish","format-standard","has-post-thumbnail","hentry","category-actualidad"],"_links":{"self":[{"href":"https:\/\/corrientesdetarde.com\/index.php\/wp-json\/wp\/v2\/posts\/217969","targetHints":{"allow":["GET"]}}],"collection":[{"href":"https:\/\/corrientesdetarde.com\/index.php\/wp-json\/wp\/v2\/posts"}],"about":[{"href":"https:\/\/corrientesdetarde.com\/index.php\/wp-json\/wp\/v2\/types\/post"}],"author":[{"embeddable":true,"href":"https:\/\/corrientesdetarde.com\/index.php\/wp-json\/wp\/v2\/users\/8"}],"replies":[{"embeddable":true,"href":"https:\/\/corrientesdetarde.com\/index.php\/wp-json\/wp\/v2\/comments?post=217969"}],"version-history":[{"count":1,"href":"https:\/\/corrientesdetarde.com\/index.php\/wp-json\/wp\/v2\/posts\/217969\/revisions"}],"predecessor-version":[{"id":217971,"href":"https:\/\/corrientesdetarde.com\/index.php\/wp-json\/wp\/v2\/posts\/217969\/revisions\/217971"}],"wp:featuredmedia":[{"embeddable":true,"href":"https:\/\/corrientesdetarde.com\/index.php\/wp-json\/wp\/v2\/media\/217970"}],"wp:attachment":[{"href":"https:\/\/corrientesdetarde.com\/index.php\/wp-json\/wp\/v2\/media?parent=217969"}],"wp:term":[{"taxonomy":"category","embeddable":true,"href":"https:\/\/corrientesdetarde.com\/index.php\/wp-json\/wp\/v2\/categories?post=217969"},{"taxonomy":"post_tag","embeddable":true,"href":"https:\/\/corrientesdetarde.com\/index.php\/wp-json\/wp\/v2\/tags?post=217969"}],"curies":[{"name":"wp","href":"https:\/\/api.w.org\/{rel}","templated":true}]}}