{"id":217990,"date":"2025-07-19T17:28:45","date_gmt":"2025-07-19T20:28:45","guid":{"rendered":"https:\/\/corrientesdetarde.com\/?p=217990"},"modified":"2025-07-19T17:31:49","modified_gmt":"2025-07-19T20:31:49","slug":"de-chile-a-paraguay-ropa-comida-y-tecnologia-mas-barata-para-el-nuevo-tour-de-compras-argentino","status":"publish","type":"post","link":"https:\/\/corrientesdetarde.com\/index.php\/economia\/de-chile-a-paraguay-ropa-comida-y-tecnologia-mas-barata-para-el-nuevo-tour-de-compras-argentino\/","title":{"rendered":"De Chile a Paraguay: ropa, comida y tecnolog\u00eda m\u00e1s barata para el nuevo tour de compras argentino"},"content":{"rendered":"\n<p>En el pa\u00eds vecino, la indumentaria puede llegar a costar hasta 84% menos que en Buenos Aires. Por qu\u00e9 los precios son m\u00e1s accesibles y c\u00f3mo impacta en la industria textil nacional.<\/p>\n\n\n\n<p><a href=\"https:\/\/tn.com.ar\/autor\/msillaro\/\"><\/a><\/p>\n\n\n\n<p>Por estabilidad cambiaria y el inicio de las vacaciones de invierno, los argentinos cruzan la\u00a0<strong>Triple Frontera\u00a0<\/strong>para buscar mejores precios en indumentaria, tecnolog\u00eda y alimentos. Hasta hace poco, el destino m\u00e1s elegido por los argentinos para realizar\u00a0<strong>tours de compras<\/strong>\u00a0era Chile, pero ahora\u00a0<strong>Paraguay<\/strong>\u00a0se convirti\u00f3 en el\u00a0<strong>nuevo favorito<\/strong>, en especial en\u00a0<strong>Ciudad del Este\u00a0<\/strong>y\u00a0<strong>Encarnaci\u00f3n\u00a0<\/strong>por su cercan\u00eda al territorio local.<\/p>\n\n\n\n<p>En Paraguay, la&nbsp;<strong>ropa&nbsp;<\/strong>y los art\u00edculos de&nbsp;<strong>blanquer\u00eda<\/strong>&nbsp;pueden llegar a costar hasta&nbsp;<strong>85%&nbsp;<\/strong>menos que en la Argentina. Eso porque en el pa\u00eds gobernado por Santiago Pe\u00f1a, la&nbsp;<strong>carga impositiva es&nbsp;<\/strong>m\u00e1s<strong>&nbsp;baja<\/strong>. Por ejemplo, se aplica una percepci\u00f3n del<strong>&nbsp;IVA del 10%&nbsp;<\/strong>contra 21% que rige en territorio argentino. Adem\u00e1s, cuenta con aranceles aduaneros m\u00e1s bajos para la importaci\u00f3n.<\/p>\n\n\n\n<p>Hasta mediados de 2024, los argentinos cruzaban a&nbsp;<strong>Chile<\/strong>&nbsp;para abastecerse de&nbsp;<strong>indumentaria, tecnolog\u00eda&nbsp;<\/strong>y neum\u00e1ticos. En septiembre, la brecha superaba el 50% en algunos insumos como calzado y repuestos para autos. Pero, la&nbsp;<strong>diferencia cambiaria se achic\u00f3,<\/strong>&nbsp;y en parte tiene que ver con la reducci\u00f3n de aranceles que aplic\u00f3 la gesti\u00f3n Milei.<\/p>\n\n\n\n<p>Hoy, la ropa en los locales chilenos es m\u00e1s costosa que en la Argentina. Una remera deportiva de marcas reconocidas rondan los&nbsp;<strong>US$44<\/strong>&nbsp;en Buenos Aires y&nbsp;<strong>US$46<\/strong>&nbsp;en Santiago. Mientras esa prenda en Paraguay sale<strong>&nbsp;20 d\u00f3lares menos<\/strong>. Por eso, ahora los argentinos prefieren cruzar hacia<strong>&nbsp;Ciudad del Este o Encarnaci\u00f3n<\/strong>.<\/p>\n\n\n\n<p>Seg\u00fan datos oficiales de la Direcci\u00f3n de Migraciones del Paraguay, los turistas gastan entre&nbsp;<strong>US$20&nbsp;<\/strong>y&nbsp;<strong>US$100&nbsp;<\/strong>por d\u00eda durante su estad\u00eda en el pa\u00eds fronterizo. Y durante el primer semestre de 2025, alrededor de 6,9 millones de personas ingresaron por el paso&nbsp;<strong>Encarnaci\u00f3n-Posadas<\/strong>.<\/p>\n\n\n\n<p>El boom de las compras en el exterior&nbsp;<strong>profundiza la crisis en la industria textil nacional<\/strong>. De acuerdo con un relevamiento de la&nbsp;<em>Fundaci\u00f3n ProTejer<\/em>,<strong>&nbsp;cinco de cada 10 empresas&nbsp;<\/strong>tuvieron una<strong>&nbsp;ca\u00edda en sus ventas&nbsp;<\/strong>en el primer trimestre del a\u00f1o, con una baja promedio de<strong>&nbsp;5%<\/strong>&nbsp;contra el mismo per\u00edodo del 2024.<\/p>\n\n\n\n<figure class=\"wp-block-image\"><img decoding=\"async\" src=\"https:\/\/tn.com.ar\/resizer\/v2\/ante-el-aluvion-de-las-compras-en-el-exterior-profundiza-la-crisis-en-la-industria-textil-nacional-foto-reuters-YU4FUE5AESZNPC25IMQYPZQRQI.jpg?auth=ff8660b2ad1299b2a36c6a0091f82b368f6dfd379f796a4d15cb493e5753e871&amp;width=767\" alt=\"Ante el aluvi\u00f3n de las compras en el exterior, profundiza la crisis en la industria textil nacional. (Foto: Reuters)\"\/><\/figure>\n\n\n\n<p>\u201cEl principal detonante de la crisis fue la\u00a0<strong>fuerte ca\u00edda de las ventas<\/strong>, consecuencia directa de la p\u00e9rdida del poder adquisitivo. Sumado a la creciente\u00a0<strong>apreciaci\u00f3n cambiaria<\/strong>\u00a0que anul\u00f3 la posibilidad de colocar excedentes de productos en mercados del exterior\u201d, se\u00f1al\u00f3 a\u00a0, el presidente de\u00a0<em>ProTejer<\/em>, Luciano Galfione.<\/p>\n\n\n\n<p>Galfione indic\u00f3 que entre diciembre de 2023 y marzo pasado cerraron<strong>&nbsp;355 empresas textiles<\/strong>, el 6% del total de los establecimientos del sector. As\u00ed se perdieron 10.000 puestos de trabajo directos en el sector registrado.<\/p>\n\n\n\n<h2 class=\"wp-block-heading\">Ir de shopping a Paraguay, el nuevo atractivo para los argentinos<\/h2>\n\n\n\n<p>Durante su visita a Paraguay, los argentinos visitan&nbsp;<strong>shopping&nbsp;<\/strong>y&nbsp;<strong>ferias<\/strong>&nbsp;en busca de precios y, en algunos casos, productos de primera marca. Los valores de las&nbsp;<strong>prendas de vestir&nbsp;<\/strong>llegan a costar casi<strong>&nbsp;84,7%&nbsp;<\/strong>m\u00e1s barato en Ciudad del Este que en Buenos Aires.<\/p>\n\n\n\n<p>En los shoppings, las remeras deportivas de primeras marcas se consiguen desde&nbsp;<strong>US$23&nbsp;<\/strong>o $29.417, mientras la misma prenda en Argentina es m\u00e1s costosa y se vende a&nbsp;<strong>US$44&nbsp;<\/strong>o $56.276.<\/p>\n\n\n\n<p>Por caso, un&nbsp;<strong>jean<\/strong>&nbsp;de primera marca se vende desde&nbsp;<strong>US$39<\/strong>&nbsp;en Paraguay y en Argentina<strong>&nbsp;US$46<\/strong>. En pesos, equivale a $49.881 y $58.834, respectivamente. Esto significa que la misma prenda es hasta&nbsp;<strong>84,7%<\/strong>&nbsp;m\u00e1s barata en un shopping paraguayo.<\/p>\n\n\n\n<figure class=\"wp-block-image\"><img decoding=\"async\" src=\"https:\/\/tn.com.ar\/resizer\/v2\/ir-de-shopping-a-paraguay-el-nuevo-atractivo-para-los-argentinos-foto-ilustrativa-adobe-stock-TYTW43OSQNEIJHLZYPHJWJXWQQ.png?auth=58b9e18b57a3fdc43cf374956b964e1689ab00fce4fee3dcdb6f8e455bf7ef5d&amp;width=767\" alt=\"Ir de shopping a Paraguay, el nuevo atractivo para los argentinos (Foto: Ilustrativa - Adobe Stock).\"\/><\/figure>\n\n\n\n<p>Las ferias en Paraguay tienen incluso precios m\u00e1s accesibles. Los percheros exhiben sus valores en pesos argentinos. En un centro comercial de Ciudad del Este, las camperas unisex inician desde&nbsp;<strong>$14.000<\/strong>, mientras en Buenos Aires, se venden en torno a los<strong>&nbsp;$44.600<\/strong>, por lo que triplica su valor.<\/p>\n\n\n\n<p>Para los m\u00e1s chicos, un buzo con estampado se consigue a&nbsp;<strong>$11.000<\/strong>&nbsp;en el pa\u00eds fronterizo contra&nbsp;<strong>$24.139&nbsp;<\/strong>en la Argentina, una diferencia de&nbsp;<strong>45,56%<\/strong>.<\/p>\n\n\n\n<p>Por su parte, un informe -publicado a mediados de mayo- de la Fundaci\u00f3n ProTejer detall\u00f3 los costos de comercializaci\u00f3n que recaen sobre los productores locales e impactan sobre el precio final de las prendas:<\/p>\n\n\n\n<ul class=\"wp-block-list\">\n<li><strong>El 50% del valor final de una remera corresponde a impuestos\u00a0<\/strong>(IVA, Ingresos Brutos, tasas municipales, cr\u00e9ditos y d\u00e9bitos).<\/li>\n\n\n\n<li><strong>Un 30% es por el pago de alquileres y los costos financieros<\/strong>: las comisiones de las tarjetas o billeteras virtuales.<\/li>\n\n\n\n<li><strong>12% corresponde a la log\u00edstica, el marketing y la rentabilidad<\/strong>.<\/li>\n\n\n\n<li><strong>8% se explica por los costos de la industria<\/strong>: insumos y mano de obra.<\/li>\n<\/ul>\n\n\n\n<h2 class=\"wp-block-heading\">Boom de compras en el exterior: qu\u00e9 efectos pueden provocar en la industria nacional<\/h2>\n\n\n\n<p>A fines de marzo, el Gobierno dispuso una&nbsp;<strong>reducci\u00f3n de los aranceles<\/strong>&nbsp;a la importaci\u00f3n de<strong>&nbsp;productos textiles<\/strong>, calzado, hilados y telas que hab\u00edan sido fijados por el Mercosur.<\/p>\n\n\n\n<p>De esta manera, los aranceles de&nbsp;<strong>ropa y calzado pasaron&nbsp;<\/strong>del 35%&nbsp;<strong>al 20%<\/strong>; lo de telas, de 26% a 18%; y los distintos tipos de hilados, de 18% a 12%, 14% y 16%.<\/p>\n\n\n\n<figure class=\"wp-block-image\"><img decoding=\"async\" src=\"https:\/\/tn.com.ar\/resizer\/v2\/boom-de-compras-en-el-exterior-los-efectos-en-la-industria-textil-nacional-foto-afp-PP3CZBAPQNFSHDVYPL7LC4LPKA.jpg?auth=0b605c18db8054a11896669d870067481ecd9ab25b0b4597d27c28383a6e217e&amp;width=767\" alt=\"Boom de compras en el exterior: los efectos en la industria textil nacional (Foto: AFP)\"\/><\/figure>\n\n\n\n<p>La medida se tom\u00f3 \u201cpara alentar la competencia y la baja de precios textiles en Argentina y la baja de la inflaci\u00f3n\u201d. Sin embargo, a cuatro meses de la aprobaci\u00f3n de esa iniciativa,&nbsp;<strong>el impacto en los precios es muy acotado.<\/strong><\/p>\n\n\n\n<p>\u201cLa reducci\u00f3n de aranceles dispuesta a mediados de marzo&nbsp;<strong>no tuvo un impacto significativo en los precios finales al consumidor.<\/strong>&nbsp;Se estima que su efecto en precios es pr\u00e1cticamente nulo (con una baja m\u00e1xima estimada del 2%), mientras que sus efectos negativos sobre la industria local resultan mucho m\u00e1s profundos\u201d, afirm\u00f3 a<strong>&nbsp;TN<\/strong>&nbsp;el presidente&nbsp;<em>ProTejer,<\/em>&nbsp;Luciano Galfione.<\/p>\n\n\n\n<p>Galfione coment\u00f3 que en la actualidad el<strong>&nbsp;60%&nbsp;<\/strong>del consumo de insumos y productos textiles se cubre con&nbsp;<strong>importaciones<\/strong>.<\/p>\n\n\n\n<p>Para lograr una&nbsp;<strong>reducci\u00f3n de los precios internos<\/strong>, desde&nbsp;<em>ProTejer&nbsp;<\/em>aseguran que \u201cse debe&nbsp;<strong>fortalecer la producci\u00f3n nacional&nbsp;<\/strong>mediante pol\u00edticas que alivien la carga tributaria, fomenten la inversi\u00f3n y permitan ampliar la escala productiva\u201d en todo el pa\u00eds.<\/p>\n","protected":false},"excerpt":{"rendered":"<p>En el pa\u00eds vecino, la indumentaria puede llegar a costar hasta 84% menos que en Buenos Aires. Por qu\u00e9 los precios son m\u00e1s accesibles y c\u00f3mo impacta en la industria&hellip; <\/p>\n","protected":false},"author":8,"featured_media":217991,"comment_status":"closed","ping_status":"open","sticky":false,"template":"","format":"standard","meta":{"footnotes":""},"categories":[20],"tags":[],"class_list":["post-217990","post","type-post","status-publish","format-standard","has-post-thumbnail","hentry","category-economia"],"_links":{"self":[{"href":"https:\/\/corrientesdetarde.com\/index.php\/wp-json\/wp\/v2\/posts\/217990","targetHints":{"allow":["GET"]}}],"collection":[{"href":"https:\/\/corrientesdetarde.com\/index.php\/wp-json\/wp\/v2\/posts"}],"about":[{"href":"https:\/\/corrientesdetarde.com\/index.php\/wp-json\/wp\/v2\/types\/post"}],"author":[{"embeddable":true,"href":"https:\/\/corrientesdetarde.com\/index.php\/wp-json\/wp\/v2\/users\/8"}],"replies":[{"embeddable":true,"href":"https:\/\/corrientesdetarde.com\/index.php\/wp-json\/wp\/v2\/comments?post=217990"}],"version-history":[{"count":1,"href":"https:\/\/corrientesdetarde.com\/index.php\/wp-json\/wp\/v2\/posts\/217990\/revisions"}],"predecessor-version":[{"id":217992,"href":"https:\/\/corrientesdetarde.com\/index.php\/wp-json\/wp\/v2\/posts\/217990\/revisions\/217992"}],"wp:featuredmedia":[{"embeddable":true,"href":"https:\/\/corrientesdetarde.com\/index.php\/wp-json\/wp\/v2\/media\/217991"}],"wp:attachment":[{"href":"https:\/\/corrientesdetarde.com\/index.php\/wp-json\/wp\/v2\/media?parent=217990"}],"wp:term":[{"taxonomy":"category","embeddable":true,"href":"https:\/\/corrientesdetarde.com\/index.php\/wp-json\/wp\/v2\/categories?post=217990"},{"taxonomy":"post_tag","embeddable":true,"href":"https:\/\/corrientesdetarde.com\/index.php\/wp-json\/wp\/v2\/tags?post=217990"}],"curies":[{"name":"wp","href":"https:\/\/api.w.org\/{rel}","templated":true}]}}