{"id":218062,"date":"2025-07-20T20:39:36","date_gmt":"2025-07-20T23:39:36","guid":{"rendered":"https:\/\/corrientesdetarde.com\/?p=218062"},"modified":"2025-07-21T08:16:32","modified_gmt":"2025-07-21T11:16:32","slug":"golpe-al-bolsillo-ypf-aumenta-la-nafta-por-segunda-vez-en-el-mes","status":"publish","type":"post","link":"https:\/\/corrientesdetarde.com\/index.php\/economia\/golpe-al-bolsillo-ypf-aumenta-la-nafta-por-segunda-vez-en-el-mes\/","title":{"rendered":"Golpe al bolsillo: YPF aumenta la nafta por segunda vez en el mes"},"content":{"rendered":"\n<p>Desde esta medianoche, los combustibles subir\u00e1n un 2,5% en promedio. La petrolera estatal aplica su segunda suba en julio y avanza con un sistema de precios diferenciados por horarios.<\/p>\n\n\n\n<p>A partir de la medianoche de este viernes, YPF volver\u00e1 a aumentar los precios de los combustibles en todo el pa\u00eds. El ajuste ser\u00e1 del 2,5% promedio y representa el segundo incremento en lo que va del mes, luego del 3,5% aplicado el pasado 1 de julio.<\/p>\n\n\n\n<p>La petrolera de mayor\u00eda estatal justific\u00f3 el aumento con su nueva pol\u00edtica de precios din\u00e1micos, basada en el monitoreo constante de variables como el valor internacional del crudo. &#8220;Esta actualizaci\u00f3n responde al seguimiento permanente que la compa\u00f1\u00eda realiza sobre las principales variables que impactan en los costos de producci\u00f3n&#8221;, explicaron desde la empresa presidida por Horacio Mar\u00edn.<\/p>\n\n\n\n<p>Aunque no se detallaron los nuevos valores, se estima que, con variaciones seg\u00fan la regi\u00f3n, los precios rondar\u00e1n los siguientes:<\/p>\n\n\n\n<ul class=\"wp-block-list\">\n<li>Nafta S\u00faper: $1.259<\/li>\n\n\n\n<li>Nafta Premium: $1.490<\/li>\n\n\n\n<li>Gasoil: $1.264<\/li>\n\n\n\n<li>Eurodi\u00e9sel: $1.459<\/li>\n<\/ul>\n\n\n\n<p>YPF tambi\u00e9n avanza con un nuevo esquema de precios diferenciados seg\u00fan el horario de carga. Desde comienzos de mes, en cinco estaciones habilitadas, los usuarios pueden acceder a un 6% de descuento entre las 0 y las 6 de la ma\u00f1ana si utilizan la APP YPF y el sistema de autodespacho. Por ahora, esta modalidad solo est\u00e1 disponible en puntos seleccionados de CABA, Rosario y Mendoza, y no se aplica en Buenos Aires, La Pampa ni Jujuy por restricciones legales.<\/p>\n\n\n\n<p>Las estaciones que ofrecen esta modalidad son:<\/p>\n\n\n\n<ul class=\"wp-block-list\">\n<li>Figueroa Alcorta 6608 y Echeverr\u00eda (CABA)<\/li>\n\n\n\n<li>Av. Dorrego y C\u00f3rdoba (CABA)<\/li>\n\n\n\n<li>Pringles y C\u00f3rdoba (CABA)<\/li>\n\n\n\n<li>27 de Febrero y Ovidio Lagos (Rosario)<\/li>\n\n\n\n<li>Acceso Sur y Mariano Boedo (Luj\u00e1n de Cuyo, Mendoza)<\/li>\n<\/ul>\n\n\n\n<p>La compa\u00f1\u00eda anunci\u00f3 que trabaja para expandir esta modalidad al 50% de su red de estaciones en los pr\u00f3ximos meses, apoyada en su nuevo Centro de Monitoreo en Tiempo Real (RTIC) que le permite tomar decisiones comerciales con mayor agilidad.<\/p>\n\n\n\n<p>Este nuevo aumento de YPF se produce tras los ajustes del resto de las petroleras privadas, como Puma y Shell, que aplicaron subas del 5% el 21 de junio pasado, en medio de la tensi\u00f3n entre Israel e Ir\u00e1n que dispar\u00f3 los precios del petr\u00f3leo a nivel global.<\/p>\n\n\n\n<p>Con este nuevo ajuste, el impacto en los bolsillos ser\u00e1 inmediato, especialmente en un contexto de inflaci\u00f3n persistente y ca\u00edda del poder adquisitivo.<\/p>\n","protected":false},"excerpt":{"rendered":"<p>Desde esta medianoche, los combustibles subir\u00e1n un 2,5% en promedio. La petrolera estatal aplica su segunda suba en julio y avanza con un sistema de precios diferenciados por horarios. A&hellip; <\/p>\n","protected":false},"author":4,"featured_media":218063,"comment_status":"closed","ping_status":"open","sticky":false,"template":"","format":"standard","meta":{"footnotes":""},"categories":[23,20],"tags":[],"class_list":["post-218062","post","type-post","status-publish","format-standard","has-post-thumbnail","hentry","category-actualidad","category-economia"],"_links":{"self":[{"href":"https:\/\/corrientesdetarde.com\/index.php\/wp-json\/wp\/v2\/posts\/218062","targetHints":{"allow":["GET"]}}],"collection":[{"href":"https:\/\/corrientesdetarde.com\/index.php\/wp-json\/wp\/v2\/posts"}],"about":[{"href":"https:\/\/corrientesdetarde.com\/index.php\/wp-json\/wp\/v2\/types\/post"}],"author":[{"embeddable":true,"href":"https:\/\/corrientesdetarde.com\/index.php\/wp-json\/wp\/v2\/users\/4"}],"replies":[{"embeddable":true,"href":"https:\/\/corrientesdetarde.com\/index.php\/wp-json\/wp\/v2\/comments?post=218062"}],"version-history":[{"count":1,"href":"https:\/\/corrientesdetarde.com\/index.php\/wp-json\/wp\/v2\/posts\/218062\/revisions"}],"predecessor-version":[{"id":218064,"href":"https:\/\/corrientesdetarde.com\/index.php\/wp-json\/wp\/v2\/posts\/218062\/revisions\/218064"}],"wp:featuredmedia":[{"embeddable":true,"href":"https:\/\/corrientesdetarde.com\/index.php\/wp-json\/wp\/v2\/media\/218063"}],"wp:attachment":[{"href":"https:\/\/corrientesdetarde.com\/index.php\/wp-json\/wp\/v2\/media?parent=218062"}],"wp:term":[{"taxonomy":"category","embeddable":true,"href":"https:\/\/corrientesdetarde.com\/index.php\/wp-json\/wp\/v2\/categories?post=218062"},{"taxonomy":"post_tag","embeddable":true,"href":"https:\/\/corrientesdetarde.com\/index.php\/wp-json\/wp\/v2\/tags?post=218062"}],"curies":[{"name":"wp","href":"https:\/\/api.w.org\/{rel}","templated":true}]}}