{"id":218088,"date":"2025-07-20T21:47:11","date_gmt":"2025-07-21T00:47:11","guid":{"rendered":"https:\/\/corrientesdetarde.com\/?p=218088"},"modified":"2025-07-20T21:47:16","modified_gmt":"2025-07-21T00:47:16","slug":"feria-k-anime-edicion-dia-del-amigo","status":"publish","type":"post","link":"https:\/\/corrientesdetarde.com\/index.php\/actualidad\/feria-k-anime-edicion-dia-del-amigo\/","title":{"rendered":"Feria K-Anim\u00e9, edici\u00f3n D\u00eda del Amigo"},"content":{"rendered":"\n<p>Desde temprano, el parque se fue llenando de personas que recorrieron los distintos espacios montados al aire libre. Hubo espect\u00e1culos en vivo y competencias de baile.<\/p>\n\n\n\n<p>Este domingo 20, el pilet\u00f3n del Parque Camba Cu\u00e1 fue el lugar elegido para una nueva edici\u00f3n de la Feria K-Anim\u00e9. Con entrada libre y una propuesta pensada para todas las edades, la jornada reuni\u00f3 a seguidores del anim\u00e9, el k-pop y los videojuegos, justo en el marco del D\u00eda del Amigo.<\/p>\n\n\n\n<p>Uno de los puntos que m\u00e1s convoc\u00f3 fue el paseo de emprendedores, con una oferta variada que combin\u00f3 productos vinculados a la cultura asi\u00e1tica con otras propuestas m\u00e1s amplias. Hubo puestos de gastronom\u00eda, bebidas caseras, art\u00edculos de colecci\u00f3n, papeler\u00eda ilustrada, figuras de personajes y accesorios hechos a mano.<\/p>\n\n\n\n<p>Algunos proyectos apostaron a la impresi\u00f3n 3D y mostraron c\u00f3mo trabajan desde cero, fabricando piezas frente al p\u00fablico. Tambi\u00e9n se vieron alimentos preparados en casa, desde panificados hasta snacks basados en recetas coreanas.<\/p>\n\n\n\n<p>El mundo del cosplay estuvo presente tanto en el escenario, con el cl\u00e1sico concurso de disfraces, como entre el p\u00fablico, donde muchos llegaron caracterizados y caminaron por el parque con total naturalidad.<\/p>\n\n\n\n<p>Los trajes, elaborados en su mayor\u00eda por los propios participantes, llamaron la atenci\u00f3n por el nivel de detalle y despertaron el inter\u00e9s de quienes buscaban fotos o simplemente quer\u00edan conversar sobre sus personajes favoritos.&nbsp;<\/p>\n","protected":false},"excerpt":{"rendered":"<p>Desde temprano, el parque se fue llenando de personas que recorrieron los distintos espacios montados al aire libre. Hubo espect\u00e1culos en vivo y competencias de baile. Este domingo 20, el&hellip; <\/p>\n","protected":false},"author":4,"featured_media":218089,"comment_status":"closed","ping_status":"open","sticky":false,"template":"","format":"standard","meta":{"footnotes":""},"categories":[23],"tags":[],"class_list":["post-218088","post","type-post","status-publish","format-standard","has-post-thumbnail","hentry","category-actualidad"],"_links":{"self":[{"href":"https:\/\/corrientesdetarde.com\/index.php\/wp-json\/wp\/v2\/posts\/218088","targetHints":{"allow":["GET"]}}],"collection":[{"href":"https:\/\/corrientesdetarde.com\/index.php\/wp-json\/wp\/v2\/posts"}],"about":[{"href":"https:\/\/corrientesdetarde.com\/index.php\/wp-json\/wp\/v2\/types\/post"}],"author":[{"embeddable":true,"href":"https:\/\/corrientesdetarde.com\/index.php\/wp-json\/wp\/v2\/users\/4"}],"replies":[{"embeddable":true,"href":"https:\/\/corrientesdetarde.com\/index.php\/wp-json\/wp\/v2\/comments?post=218088"}],"version-history":[{"count":1,"href":"https:\/\/corrientesdetarde.com\/index.php\/wp-json\/wp\/v2\/posts\/218088\/revisions"}],"predecessor-version":[{"id":218090,"href":"https:\/\/corrientesdetarde.com\/index.php\/wp-json\/wp\/v2\/posts\/218088\/revisions\/218090"}],"wp:featuredmedia":[{"embeddable":true,"href":"https:\/\/corrientesdetarde.com\/index.php\/wp-json\/wp\/v2\/media\/218089"}],"wp:attachment":[{"href":"https:\/\/corrientesdetarde.com\/index.php\/wp-json\/wp\/v2\/media?parent=218088"}],"wp:term":[{"taxonomy":"category","embeddable":true,"href":"https:\/\/corrientesdetarde.com\/index.php\/wp-json\/wp\/v2\/categories?post=218088"},{"taxonomy":"post_tag","embeddable":true,"href":"https:\/\/corrientesdetarde.com\/index.php\/wp-json\/wp\/v2\/tags?post=218088"}],"curies":[{"name":"wp","href":"https:\/\/api.w.org\/{rel}","templated":true}]}}