{"id":218091,"date":"2025-07-20T21:48:36","date_gmt":"2025-07-21T00:48:36","guid":{"rendered":"https:\/\/corrientesdetarde.com\/?p=218091"},"modified":"2025-07-20T21:48:40","modified_gmt":"2025-07-21T00:48:40","slug":"boca-unidos-goleo-y-quiere-quedarse-en-el-federal-a","status":"publish","type":"post","link":"https:\/\/corrientesdetarde.com\/index.php\/deportes\/boca-unidos-goleo-y-quiere-quedarse-en-el-federal-a\/","title":{"rendered":"Boca Unidos gole\u00f3 y quiere quedarse en el Federal A"},"content":{"rendered":"\n<p>El encuentro correspondi\u00f3 a la rev\u00e1lida del Torneo Federal A, instancia que re\u00fane a los equipos peor ubicados de la tabla. Boca Unidos afront\u00f3 el partido sin Diego S\u00e1nchez Paredes, quien hab\u00eda sido expulsado en el duelo anterior frente a Garup\u00e1.<\/p>\n\n\n\n<p>Boca Unidos gole\u00f3 3 a 0 a Gimnasia de Concepci\u00f3n del Uruguay este domingo 20, en el estadio &#8220;Manuel y Ram\u00f3n N\u00fa\u00f1ez&#8221;. \u00c1ngel Piz abri\u00f3 el marcador a los 17 minutos del primer tiempo. Luego, Sebasti\u00e1n Navarro ampli\u00f3 la ventaja con un doblete, a los 26 y 87 minutos.<\/p>\n\n\n\n<h3 class=\"wp-block-heading\">Alineaciones<\/h3>\n\n\n\n<p><strong>GIMNASIA (CDU)<\/strong><\/p>\n\n\n\n<ul class=\"wp-block-list\">\n<li>Pedro Bravo<\/li>\n\n\n\n<li>Leonel L\u00f3pez<\/li>\n\n\n\n<li>Dami\u00e1n S\u00e1nchez<\/li>\n\n\n\n<li>Nicol\u00e1s G\u00f3mez<\/li>\n\n\n\n<li>Lucas Basualdo<\/li>\n\n\n\n<li>Pablo Hofstetter<\/li>\n\n\n\n<li>Facundo Cima<\/li>\n\n\n\n<li>Agust\u00edn Garc\u00eda<\/li>\n\n\n\n<li>Micael Bogado<\/li>\n\n\n\n<li>Nicol\u00e1s Germanier<\/li>\n\n\n\n<li>Alejo Maniero<\/li>\n\n\n\n<li><strong>DT<\/strong>: \u00c1ngel G\u00f3mez.<\/li>\n<\/ul>\n\n\n\n<p><strong>BOCA UNIDOS<\/strong><\/p>\n\n\n\n<ul class=\"wp-block-list\">\n<li>David Acu\u00f1a\u00a0<\/li>\n\n\n\n<li>Nahuel Franco<\/li>\n\n\n\n<li>Alejandro Leani<\/li>\n\n\n\n<li>Santiago Chamorro<\/li>\n<\/ul>\n\n\n\n<p><strong>Cambios<\/strong>:<\/p>\n\n\n\n<ul class=\"wp-block-list\">\n<li>ST: Agust\u00edn Favre, Lautaro Altamirano y Dami\u00e1n Baltor\u00e9 por L. Basualdo, F. Cima y M. Bogado (G); 4\u2019 Pablo Cuevas por Facundo Fern\u00e1ndez (BU). 22\u2019 Lautaro Soto y Sebasti\u00e1n Malimberti por P. Hofstetter y Nicol\u00e1s Germanier (G); 23\u2019 Ignacio Colombini y Francisco Aman por A. Medina y S. Moracci (BU); 33\u2019 Jos\u00e9 Vivanco y Ramiro Schweizer por N. Franco y \u00c1. Piz (BU).<\/li>\n\n\n\n<li>Incidentes: ST: 1\u2019 expulsado A. Favre (G), por juego brusco.<\/li>\n<\/ul>\n\n\n\n<p>Gustavo Ben\u00edtes fue el \u00e1rbitro principal. Estuvo acompa\u00f1ado por Luciano D\u00edaz, Diego Pablo Ocampo y Facundo Campos.<\/p>\n","protected":false},"excerpt":{"rendered":"<p>El encuentro correspondi\u00f3 a la rev\u00e1lida del Torneo Federal A, instancia que re\u00fane a los equipos peor ubicados de la tabla. Boca Unidos afront\u00f3 el partido sin Diego S\u00e1nchez Paredes,&hellip; <\/p>\n","protected":false},"author":4,"featured_media":218092,"comment_status":"closed","ping_status":"open","sticky":false,"template":"","format":"standard","meta":{"footnotes":""},"categories":[4],"tags":[],"class_list":["post-218091","post","type-post","status-publish","format-standard","has-post-thumbnail","hentry","category-deportes"],"_links":{"self":[{"href":"https:\/\/corrientesdetarde.com\/index.php\/wp-json\/wp\/v2\/posts\/218091","targetHints":{"allow":["GET"]}}],"collection":[{"href":"https:\/\/corrientesdetarde.com\/index.php\/wp-json\/wp\/v2\/posts"}],"about":[{"href":"https:\/\/corrientesdetarde.com\/index.php\/wp-json\/wp\/v2\/types\/post"}],"author":[{"embeddable":true,"href":"https:\/\/corrientesdetarde.com\/index.php\/wp-json\/wp\/v2\/users\/4"}],"replies":[{"embeddable":true,"href":"https:\/\/corrientesdetarde.com\/index.php\/wp-json\/wp\/v2\/comments?post=218091"}],"version-history":[{"count":1,"href":"https:\/\/corrientesdetarde.com\/index.php\/wp-json\/wp\/v2\/posts\/218091\/revisions"}],"predecessor-version":[{"id":218093,"href":"https:\/\/corrientesdetarde.com\/index.php\/wp-json\/wp\/v2\/posts\/218091\/revisions\/218093"}],"wp:featuredmedia":[{"embeddable":true,"href":"https:\/\/corrientesdetarde.com\/index.php\/wp-json\/wp\/v2\/media\/218092"}],"wp:attachment":[{"href":"https:\/\/corrientesdetarde.com\/index.php\/wp-json\/wp\/v2\/media?parent=218091"}],"wp:term":[{"taxonomy":"category","embeddable":true,"href":"https:\/\/corrientesdetarde.com\/index.php\/wp-json\/wp\/v2\/categories?post=218091"},{"taxonomy":"post_tag","embeddable":true,"href":"https:\/\/corrientesdetarde.com\/index.php\/wp-json\/wp\/v2\/tags?post=218091"}],"curies":[{"name":"wp","href":"https:\/\/api.w.org\/{rel}","templated":true}]}}