{"id":218097,"date":"2025-07-20T21:51:05","date_gmt":"2025-07-21T00:51:05","guid":{"rendered":"https:\/\/corrientesdetarde.com\/?p=218097"},"modified":"2025-07-20T21:51:16","modified_gmt":"2025-07-21T00:51:16","slug":"segun-gallardo-el-correntino-salas-aporta-lo-que-river-necesitaba","status":"publish","type":"post","link":"https:\/\/corrientesdetarde.com\/index.php\/deportes\/segun-gallardo-el-correntino-salas-aporta-lo-que-river-necesitaba\/","title":{"rendered":"Seg\u00fan Gallardo, el correntino Salas &#8220;aporta lo que River necesitaba&#8221;"},"content":{"rendered":"\n<p>De acuerdo con el DT, Salas le aporta al ataque &#8220;una energ\u00eda diferente&#8221;, algo que, a su criterio, el equipo necesitaba. Tambi\u00e9n resalt\u00f3 su movilidad en el \u00e1rea y su capacidad para adaptarse a distintas posiciones en el frente ofensivo.&nbsp;<\/p>\n\n\n\n<p>Marcelo Gallardo destac\u00f3 el desempe\u00f1o de Maximiliano Salas luego de la goleada de River Plate por 4 a 0 ante Instituto. En la conferencia de prensa posterior al partido, el entrenador subray\u00f3 el aporte del delantero tanto en lo futbol\u00edstico como en su integraci\u00f3n al equipo.<\/p>\n\n\n\n<p>El entrenador consider\u00f3 que la adaptaci\u00f3n del jugador fue r\u00e1pida y positiva. Destac\u00f3 la forma en que se relacion\u00f3 con el grupo desde su llegada, lo que facilit\u00f3 su incorporaci\u00f3n al esquema de juego. En ese sentido, remarc\u00f3 que el ex Racing &#8220;lleg\u00f3 y se relacion\u00f3 muy bien con todos&#8221;, y eso ayud\u00f3 a que pudiera rendir desde los primeros partidos.<\/p>\n\n\n\n<p>Gallardo tambi\u00e9n se\u00f1al\u00f3 que Salas, quien ya comparte titularidad con Facundo Colidio, ofrece &#8220;alternativas diferentes a las que ten\u00edamos&#8221;. A pocos d\u00edas de su llegada, comenz\u00f3 a sumar minutos y ya ocupa un lugar en la rotaci\u00f3n ofensiva del equipo.<\/p>\n\n\n\n<p>Con menos de dos semanas en el club, el delantero nacido en Curuz\u00fa Cuati\u00e1 empieza a consolidarse como una opci\u00f3n concreta para el ataque. La evaluaci\u00f3n del cuerpo t\u00e9cnico apunta a su versatilidad, su compromiso en los entrenamientos y su rendimiento en el inicio de la competencia oficial.<\/p>\n","protected":false},"excerpt":{"rendered":"<p>De acuerdo con el DT, Salas le aporta al ataque &#8220;una energ\u00eda diferente&#8221;, algo que, a su criterio, el equipo necesitaba. Tambi\u00e9n resalt\u00f3 su movilidad en el \u00e1rea y su&hellip; <\/p>\n","protected":false},"author":4,"featured_media":218098,"comment_status":"closed","ping_status":"open","sticky":false,"template":"","format":"standard","meta":{"footnotes":""},"categories":[4],"tags":[],"class_list":["post-218097","post","type-post","status-publish","format-standard","has-post-thumbnail","hentry","category-deportes"],"_links":{"self":[{"href":"https:\/\/corrientesdetarde.com\/index.php\/wp-json\/wp\/v2\/posts\/218097","targetHints":{"allow":["GET"]}}],"collection":[{"href":"https:\/\/corrientesdetarde.com\/index.php\/wp-json\/wp\/v2\/posts"}],"about":[{"href":"https:\/\/corrientesdetarde.com\/index.php\/wp-json\/wp\/v2\/types\/post"}],"author":[{"embeddable":true,"href":"https:\/\/corrientesdetarde.com\/index.php\/wp-json\/wp\/v2\/users\/4"}],"replies":[{"embeddable":true,"href":"https:\/\/corrientesdetarde.com\/index.php\/wp-json\/wp\/v2\/comments?post=218097"}],"version-history":[{"count":1,"href":"https:\/\/corrientesdetarde.com\/index.php\/wp-json\/wp\/v2\/posts\/218097\/revisions"}],"predecessor-version":[{"id":218099,"href":"https:\/\/corrientesdetarde.com\/index.php\/wp-json\/wp\/v2\/posts\/218097\/revisions\/218099"}],"wp:featuredmedia":[{"embeddable":true,"href":"https:\/\/corrientesdetarde.com\/index.php\/wp-json\/wp\/v2\/media\/218098"}],"wp:attachment":[{"href":"https:\/\/corrientesdetarde.com\/index.php\/wp-json\/wp\/v2\/media?parent=218097"}],"wp:term":[{"taxonomy":"category","embeddable":true,"href":"https:\/\/corrientesdetarde.com\/index.php\/wp-json\/wp\/v2\/categories?post=218097"},{"taxonomy":"post_tag","embeddable":true,"href":"https:\/\/corrientesdetarde.com\/index.php\/wp-json\/wp\/v2\/tags?post=218097"}],"curies":[{"name":"wp","href":"https:\/\/api.w.org\/{rel}","templated":true}]}}