{"id":218109,"date":"2025-07-20T22:46:16","date_gmt":"2025-07-21T01:46:16","guid":{"rendered":"https:\/\/corrientesdetarde.com\/?p=218109"},"modified":"2025-07-20T22:46:18","modified_gmt":"2025-07-21T01:46:18","slug":"el-papa-leon-xiv-exigio-el-cese-inmediato-de-la-barbarie-en-la-franja-de-gaza","status":"publish","type":"post","link":"https:\/\/corrientesdetarde.com\/index.php\/internacionales\/el-papa-leon-xiv-exigio-el-cese-inmediato-de-la-barbarie-en-la-franja-de-gaza\/","title":{"rendered":"El papa Le\u00f3n XIV exigi\u00f3 el &#8220;cese inmediato de la barbarie&#8221; en la Franja de Gaza"},"content":{"rendered":"\n<h2 class=\"wp-block-heading\">El Pont\u00edfice manifest\u00f3 su &#8220;profundo dolor&#8221; por el ataque israel\u00ed que impact\u00f3 la parroquia de la Sagrada Familia el pasado jueves y dej\u00f3 varios heridos.<\/h2>\n\n\n\n<p><strong>El papa Le\u00f3n XIV, m\u00e1xima autoridad de la Iglesia Cat\u00f3lica, manifest\u00f3 su &#8220;profundo dolor&#8221; y lanz\u00f3 un en\u00e9rgico llamado por el &#8220;cese inmediato de la barbarie&#8221; en la Franja de Gaza<\/strong>, luego de un ataque israel\u00ed que impact\u00f3 la parroquia de la Sagrada Familia. El incidente, ocurrido el pasado jueves, result\u00f3 en la muerte de tres gazat\u00edes y dej\u00f3 varios heridos, incluyendo al p\u00e1rroco, el padre Gabriel Romanelli, en un templo que albergaba a unas 600 personas.<\/p>\n\n\n\n<p>Al finalizar el rezo del \u00c1ngelus este domingo desde su residencia de verano en Castel Gandolfo, el Pont\u00edfice se refiri\u00f3 al ataque con consternaci\u00f3n, nombrando a las v\u00edctimas: Saad Issa Kostandi Salameh, Foumia Issa Latif Ayyad y Najwa Ibrahim Latif Abu Daoud.&nbsp;<strong>El Sumo Pont\u00edfice asegur\u00f3 estar &#8220;cercano a ellos y a sus familias&#8221; en este momento de profundo pesar<\/strong>.<\/p>\n\n\n\n<p>En su alocuci\u00f3n, el Papa subray\u00f3 la gravedad del suceso, afirmando que &#8220;este acto, lamentablemente, se suma a los continuos ataques militares contra la poblaci\u00f3n civil y los lugares de culto en Gaza&#8221;. Con palabras contundentes, el l\u00edder de la Iglesia Cat\u00f3lica reiter\u00f3 su clamor por la paz en la regi\u00f3n. &#8220;<strong>Pido una vez m\u00e1s que se detenga de inmediato la barbarie de la guerra y que se alcance una resoluci\u00f3n pac\u00edfica del conflicto<\/strong>&#8220;, expres\u00f3 Le\u00f3n XIV.<\/p>\n\n\n\n<p>Asimismo, el Papa exhort\u00f3 a la comunidad internacional a respetar el derecho humanitario y a cumplir con su deber de proteger a la poblaci\u00f3n civil, rechazando enf\u00e1ticamente el castigo colectivo, el uso indiscriminado de la fuerza y el desplazamiento forzado de personas.<\/p>\n\n\n\n<p>Previo a concluir su mensaje, el Pont\u00edfice dirigi\u00f3 unas palabras de consuelo a las comunidades cristianas de Medio Oriente, reconociendo su sentimiento de impotencia ante la dram\u00e1tica situaci\u00f3n. &#8220;<strong>A nuestros amados cristianos de Oriente Medio les digo: comprendo vuestro sentimiento de que pueden hacer poco ante esta dram\u00e1tica situaci\u00f3n. Est\u00e1n en el coraz\u00f3n del Papa y de toda la Iglesia. Gracias por vuestro testimonio de fe<\/strong>&#8220;, manifest\u00f3.<\/p>\n\n\n\n<p>Horas antes, mientras regresaba de celebrar misa en la cercana localidad de Albano, el Papa Le\u00f3n XIV convers\u00f3 brevemente con periodistas. En ese intercambio, destac\u00f3 la urgencia de orar por la paz y de persuadir a todas las partes involucradas a dialogar y deponer las armas. &#8220;<strong>El mundo ya no soporta m\u00e1s la guerra&#8221;, advirti\u00f3, enfatizando que &#8220;hay demasiados conflictos, demasiadas guerras<\/strong>&#8220;.<\/p>\n\n\n\n<p>Consultado sobre su conversaci\u00f3n telef\u00f3nica del viernes con el primer ministro israel\u00ed, Benjamin Netanyahu, Le\u00f3n XIV confirm\u00f3 haber insistido en la necesidad de renovar los esfuerzos para poner fin al conflicto.&nbsp;<strong>Tambi\u00e9n expres\u00f3 su preocupaci\u00f3n por el &#8220;precio desgarrador&#8221; que los civiles est\u00e1n pagando en Gaza<\/strong>. &#8220;<strong>Insistimos en la necesidad de proteger los lugares sagrados de todas las religiones<\/strong>&#8220;, afirm\u00f3 el Papa Le\u00f3n,&nbsp;<strong>&#8220;y de respetar a las personas y los lugares sagrados e intentar dejar atr\u00e1s toda la violencia y el odio<\/strong>&#8220;.<\/p>\n","protected":false},"excerpt":{"rendered":"<p>El Pont\u00edfice manifest\u00f3 su &#8220;profundo dolor&#8221; por el ataque israel\u00ed que impact\u00f3 la parroquia de la Sagrada Familia el pasado jueves y dej\u00f3 varios heridos. El papa Le\u00f3n XIV, m\u00e1xima&hellip; <\/p>\n","protected":false},"author":4,"featured_media":218110,"comment_status":"closed","ping_status":"open","sticky":false,"template":"","format":"standard","meta":{"footnotes":""},"categories":[11],"tags":[],"class_list":["post-218109","post","type-post","status-publish","format-standard","has-post-thumbnail","hentry","category-internacionales"],"_links":{"self":[{"href":"https:\/\/corrientesdetarde.com\/index.php\/wp-json\/wp\/v2\/posts\/218109","targetHints":{"allow":["GET"]}}],"collection":[{"href":"https:\/\/corrientesdetarde.com\/index.php\/wp-json\/wp\/v2\/posts"}],"about":[{"href":"https:\/\/corrientesdetarde.com\/index.php\/wp-json\/wp\/v2\/types\/post"}],"author":[{"embeddable":true,"href":"https:\/\/corrientesdetarde.com\/index.php\/wp-json\/wp\/v2\/users\/4"}],"replies":[{"embeddable":true,"href":"https:\/\/corrientesdetarde.com\/index.php\/wp-json\/wp\/v2\/comments?post=218109"}],"version-history":[{"count":1,"href":"https:\/\/corrientesdetarde.com\/index.php\/wp-json\/wp\/v2\/posts\/218109\/revisions"}],"predecessor-version":[{"id":218111,"href":"https:\/\/corrientesdetarde.com\/index.php\/wp-json\/wp\/v2\/posts\/218109\/revisions\/218111"}],"wp:featuredmedia":[{"embeddable":true,"href":"https:\/\/corrientesdetarde.com\/index.php\/wp-json\/wp\/v2\/media\/218110"}],"wp:attachment":[{"href":"https:\/\/corrientesdetarde.com\/index.php\/wp-json\/wp\/v2\/media?parent=218109"}],"wp:term":[{"taxonomy":"category","embeddable":true,"href":"https:\/\/corrientesdetarde.com\/index.php\/wp-json\/wp\/v2\/categories?post=218109"},{"taxonomy":"post_tag","embeddable":true,"href":"https:\/\/corrientesdetarde.com\/index.php\/wp-json\/wp\/v2\/tags?post=218109"}],"curies":[{"name":"wp","href":"https:\/\/api.w.org\/{rel}","templated":true}]}}