{"id":218117,"date":"2025-07-21T08:06:26","date_gmt":"2025-07-21T11:06:26","guid":{"rendered":"https:\/\/corrientesdetarde.com\/?p=218117"},"modified":"2025-07-21T08:06:29","modified_gmt":"2025-07-21T11:06:29","slug":"dos-jovenes-estan-graves-luego-de-perder-el-control-de-sus-motocicletas-y-caer-al-asfalto","status":"publish","type":"post","link":"https:\/\/corrientesdetarde.com\/index.php\/locales\/dos-jovenes-estan-graves-luego-de-perder-el-control-de-sus-motocicletas-y-caer-al-asfalto\/","title":{"rendered":"Dos j\u00f3venes est\u00e1n graves luego de perder el control de sus motocicletas y caer al asfalto"},"content":{"rendered":"\n<p>La Polic\u00eda de Corrientes inform\u00f3 este domingo que dos j\u00f3venes est\u00e1n en grave estado tras protagonizar&nbsp;<strong>siniestros viales similares<\/strong>&nbsp;en distintas localidades de la provincia. En ambos casos, las v\u00edctimas perdieron el control de sus motocicletas y cayeron sobre la cinta asf\u00e1ltica.<\/p>\n\n\n\n<p>El primero de los hechos ocurri\u00f3 en&nbsp;<strong>Itat\u00ed<\/strong>,&nbsp;en la intersecci\u00f3n de calle&nbsp;<strong>Coronel Desiderio Sosa y Avenida 25 de Mayo<\/strong>, donde un joven de&nbsp;<strong>22 a\u00f1os<\/strong>, de apellido&nbsp;<strong>Barrero<\/strong>, que circulaba en una&nbsp;<strong>Honda CG Tit\u00e1n 150cc<\/strong>, cay\u00f3 de su rodado por razones que a\u00fan se investigan.<\/p>\n\n\n\n<p>El joven fue derivado al hospital local, donde se constat\u00f3 que presentaba&nbsp;<strong>lesiones graves<\/strong>. El caso qued\u00f3 en manos de la&nbsp;<strong>Unidad Fiscal de Investigaci\u00f3n<\/strong>.<\/p>\n\n\n\n<p>Horas m\u00e1s tarde, en la localidad&nbsp;&nbsp;<strong>Esquina<\/strong>, otro motociclista de&nbsp;<strong>27 a\u00f1os<\/strong>&nbsp;tambi\u00e9n perdi\u00f3 el control de su veh\u00edculo, una&nbsp;<strong>Motomel 150cc<\/strong>,&nbsp;mientras transitaba por&nbsp;<strong>Avenida 9 de Julio<\/strong>, entre calles&nbsp;<strong>Serrano Soto y Rebechi<\/strong>.<\/p>\n\n\n\n<p>A ra\u00edz del impacto, fue trasladado al hospital zonal y posteriormente derivado al&nbsp;<strong>Hospital Escuela de la ciudad de Corrientes<\/strong>, donde permanece internado.<\/p>\n\n\n\n<p>En ambos lugares, efectivos policiales realizaron las&nbsp;<strong>diligencias correspondientes<\/strong>&nbsp;para determinar las circunstancias exactas de los siniestros.<\/p>\n","protected":false},"excerpt":{"rendered":"<p>La Polic\u00eda de Corrientes inform\u00f3 este domingo que dos j\u00f3venes est\u00e1n en grave estado tras protagonizar&nbsp;siniestros viales similares&nbsp;en distintas localidades de la provincia. En ambos casos, las v\u00edctimas perdieron el&hellip; <\/p>\n","protected":false},"author":1,"featured_media":183100,"comment_status":"closed","ping_status":"open","sticky":false,"template":"","format":"standard","meta":{"footnotes":""},"categories":[8],"tags":[],"class_list":["post-218117","post","type-post","status-publish","format-standard","has-post-thumbnail","hentry","category-locales"],"_links":{"self":[{"href":"https:\/\/corrientesdetarde.com\/index.php\/wp-json\/wp\/v2\/posts\/218117","targetHints":{"allow":["GET"]}}],"collection":[{"href":"https:\/\/corrientesdetarde.com\/index.php\/wp-json\/wp\/v2\/posts"}],"about":[{"href":"https:\/\/corrientesdetarde.com\/index.php\/wp-json\/wp\/v2\/types\/post"}],"author":[{"embeddable":true,"href":"https:\/\/corrientesdetarde.com\/index.php\/wp-json\/wp\/v2\/users\/1"}],"replies":[{"embeddable":true,"href":"https:\/\/corrientesdetarde.com\/index.php\/wp-json\/wp\/v2\/comments?post=218117"}],"version-history":[{"count":1,"href":"https:\/\/corrientesdetarde.com\/index.php\/wp-json\/wp\/v2\/posts\/218117\/revisions"}],"predecessor-version":[{"id":218118,"href":"https:\/\/corrientesdetarde.com\/index.php\/wp-json\/wp\/v2\/posts\/218117\/revisions\/218118"}],"wp:featuredmedia":[{"embeddable":true,"href":"https:\/\/corrientesdetarde.com\/index.php\/wp-json\/wp\/v2\/media\/183100"}],"wp:attachment":[{"href":"https:\/\/corrientesdetarde.com\/index.php\/wp-json\/wp\/v2\/media?parent=218117"}],"wp:term":[{"taxonomy":"category","embeddable":true,"href":"https:\/\/corrientesdetarde.com\/index.php\/wp-json\/wp\/v2\/categories?post=218117"},{"taxonomy":"post_tag","embeddable":true,"href":"https:\/\/corrientesdetarde.com\/index.php\/wp-json\/wp\/v2\/tags?post=218117"}],"curies":[{"name":"wp","href":"https:\/\/api.w.org\/{rel}","templated":true}]}}