{"id":218123,"date":"2025-07-21T08:15:00","date_gmt":"2025-07-21T11:15:00","guid":{"rendered":"https:\/\/corrientesdetarde.com\/?p=218123"},"modified":"2025-07-21T08:15:04","modified_gmt":"2025-07-21T11:15:04","slug":"patricia-bullrich-llega-a-corrientes","status":"publish","type":"post","link":"https:\/\/corrientesdetarde.com\/index.php\/destacados\/patricia-bullrich-llega-a-corrientes\/","title":{"rendered":"Patricia Bullrich llega a Corrientes"},"content":{"rendered":"\n<p><strong>La ministra de Seguridad de la Naci\u00f3n, Patricia Bullrich, visitar\u00e1 Corrientes este lunes 21 de julio<\/strong>&nbsp;para respaldar a los&nbsp;<strong>candidatos de La Libertad Avanza<\/strong>&nbsp;de cara a las elecciones provinciales del pr\u00f3ximo&nbsp;<strong>31 de agosto<\/strong>. Su presencia en la provincia ser\u00e1 una muestra concreta del&nbsp;<strong>aval del Gobierno nacional<\/strong>&nbsp;a la fuerza pol\u00edtica que impulsa el modelo de Javier Milei en el territorio correntino.<\/p>\n\n\n\n<p>Bullrich estar\u00e1 acompa\u00f1ada por la f\u00f3rmula provincial compuesta por&nbsp;<strong>Lisandro Almir\u00f3n<\/strong>&nbsp;(candidato a gobernador) y&nbsp;<strong>Evelyn Karsten<\/strong>&nbsp;(vicegobernadora), con quienes participar\u00e1 de dos actividades centrales:&nbsp;<strong>una conferencia de prensa a las 14 horas en el Hotel Turismo (Sal\u00f3n Iber\u00e1, Entre R\u00edos 650)<\/strong>&nbsp;y, m\u00e1s tarde,&nbsp;<strong>un acto pol\u00edtico a las 17 horas en la sede provincial de LLA (25 de Mayo 1648)<\/strong>.<\/p>\n\n\n\n<p>Desde la organizaci\u00f3n destacan que la visita representa&nbsp;<strong>un respaldo clave<\/strong>&nbsp;a los referentes locales que vienen desarrollando una intensa campa\u00f1a territorial, con m\u00e1s de&nbsp;<strong>1.300 kil\u00f3metros recorridos<\/strong>&nbsp;en distintos puntos de la provincia.<\/p>\n\n\n\n<p>&#8220;Estamos listos para dar la batalla cultural y pol\u00edtica contra la inseguridad, el clientelismo y el desgobierno\u201d, sostuvo Almir\u00f3n, quien valor\u00f3 el apoyo de Bullrich como un impulso para consolidar un modelo de orden y libertad en Corrientes.<\/p>\n\n\n\n<p>Durante la jornada, los referentes de LLA reafirmar\u00e1n sus compromisos con la&nbsp;<strong>lucha contra el narcotr\u00e1fico<\/strong>, la&nbsp;<strong>recuperaci\u00f3n del control de fronteras<\/strong>&nbsp;y una&nbsp;<strong>reforma integral del sistema de seguridad provincial<\/strong>, en sinton\u00eda con las pol\u00edticas impulsadas por la gesti\u00f3n nacional.<\/p>\n\n\n\n<p>Adem\u00e1s de la f\u00f3rmula provincial, Bullrich tambi\u00e9n expresar\u00e1 su apoyo a todos los candidatos legislativos y municipales del espacio, entre ellos:<\/p>\n\n\n\n<ul class=\"wp-block-list\">\n<li><strong>Luc\u00eda Centuri\u00f3n y Marcelo Cha\u00edn<\/strong>\u00a0(senadores),<\/li>\n\n\n\n<li><strong>Ricardo \u201cCaito\u201d Leconte, Marina Villafa\u00f1e, David Moulin, Mar\u00eda del Carmen P\u00e9rez Duarte y Guillermo Harvey<\/strong>\u00a0(diputados),<\/li>\n\n\n\n<li><strong>Any Pereyra y Flavio Serra<\/strong>, quienes encabezan la lista para la\u00a0<strong>intendencia y viceintendencia de la capital correntina<\/strong>.<\/li>\n<\/ul>\n\n\n\n<p>Con un fuerte eje en la&nbsp;<strong>reducci\u00f3n de impuestos<\/strong>, la&nbsp;<strong>eficiencia del gasto p\u00fablico<\/strong>, la&nbsp;<strong>eliminaci\u00f3n de privilegios estatales<\/strong>&nbsp;y la&nbsp;<strong>seguridad jur\u00eddica<\/strong>, La Libertad Avanza busca trasladar el&nbsp;<strong>modelo Milei<\/strong>&nbsp;a cada rinc\u00f3n de la provincia. \u201cCorrientes es el siguiente campo de batalla\u201d, afirm\u00f3 Almir\u00f3n, quien anticipa&nbsp;<strong>un acto multitudinario<\/strong>&nbsp;para este lunes con la participaci\u00f3n de todos los candidatos locales.<\/p>\n","protected":false},"excerpt":{"rendered":"<p>La ministra de Seguridad de la Naci\u00f3n, Patricia Bullrich, visitar\u00e1 Corrientes este lunes 21 de julio&nbsp;para respaldar a los&nbsp;candidatos de La Libertad Avanza&nbsp;de cara a las elecciones provinciales del pr\u00f3ximo&nbsp;31&hellip; <\/p>\n","protected":false},"author":1,"featured_media":218124,"comment_status":"closed","ping_status":"open","sticky":false,"template":"","format":"standard","meta":{"footnotes":""},"categories":[26],"tags":[],"class_list":["post-218123","post","type-post","status-publish","format-standard","has-post-thumbnail","hentry","category-destacados"],"_links":{"self":[{"href":"https:\/\/corrientesdetarde.com\/index.php\/wp-json\/wp\/v2\/posts\/218123","targetHints":{"allow":["GET"]}}],"collection":[{"href":"https:\/\/corrientesdetarde.com\/index.php\/wp-json\/wp\/v2\/posts"}],"about":[{"href":"https:\/\/corrientesdetarde.com\/index.php\/wp-json\/wp\/v2\/types\/post"}],"author":[{"embeddable":true,"href":"https:\/\/corrientesdetarde.com\/index.php\/wp-json\/wp\/v2\/users\/1"}],"replies":[{"embeddable":true,"href":"https:\/\/corrientesdetarde.com\/index.php\/wp-json\/wp\/v2\/comments?post=218123"}],"version-history":[{"count":1,"href":"https:\/\/corrientesdetarde.com\/index.php\/wp-json\/wp\/v2\/posts\/218123\/revisions"}],"predecessor-version":[{"id":218125,"href":"https:\/\/corrientesdetarde.com\/index.php\/wp-json\/wp\/v2\/posts\/218123\/revisions\/218125"}],"wp:featuredmedia":[{"embeddable":true,"href":"https:\/\/corrientesdetarde.com\/index.php\/wp-json\/wp\/v2\/media\/218124"}],"wp:attachment":[{"href":"https:\/\/corrientesdetarde.com\/index.php\/wp-json\/wp\/v2\/media?parent=218123"}],"wp:term":[{"taxonomy":"category","embeddable":true,"href":"https:\/\/corrientesdetarde.com\/index.php\/wp-json\/wp\/v2\/categories?post=218123"},{"taxonomy":"post_tag","embeddable":true,"href":"https:\/\/corrientesdetarde.com\/index.php\/wp-json\/wp\/v2\/tags?post=218123"}],"curies":[{"name":"wp","href":"https:\/\/api.w.org\/{rel}","templated":true}]}}