{"id":218138,"date":"2025-07-21T09:17:47","date_gmt":"2025-07-21T12:17:47","guid":{"rendered":"https:\/\/corrientesdetarde.com\/?p=218138"},"modified":"2025-07-21T09:17:59","modified_gmt":"2025-07-21T12:17:59","slug":"salud-publica-presentara-los-avances-de-la-red-provincial-de-infarto-agudo-de-miocardio","status":"publish","type":"post","link":"https:\/\/corrientesdetarde.com\/index.php\/bienestar-y-salud\/salud-publica-presentara-los-avances-de-la-red-provincial-de-infarto-agudo-de-miocardio\/","title":{"rendered":"Salud P\u00fablica presentar\u00e1 los avances de la Red Provincial de Infarto Agudo de Miocardio"},"content":{"rendered":"\n<p><em>Ser\u00e1 en el Sal\u00f3n Verde de Casa de Gobierno el lunes 21 de julio a las 10. Se caracteriza por una alta resoluci\u00f3n y organizaci\u00f3n, entre otras.<\/em><\/p>\n\n\n\n<p><\/p>\n\n\n\n<p>El ministro de Salud P\u00fablica, Ricardo Cardozo, junto a los referentes provinciales, presentar\u00e1 los avances de la Red Provincial de Infarto Agudo de Miocardio. Ser\u00e1 el lunes 21 de julio a las 10 en el Sal\u00f3n Verde de Casa de Gobierno.<\/p>\n\n\n\n<p>Esta modalidad de trabajo tiene que ver con una pol\u00edtica sanitaria en red que implementa el Gobierno provincial. La de Infarto Agudo de Miocardio, se caracteriza por una alta resoluci\u00f3n y organizaci\u00f3n; uso de drogas de alta eficiencia y, coordinaci\u00f3n y categorizaci\u00f3n.<\/p>\n\n\n\n<p>La misma, ha obtenido resultados destacados gracias a la pol\u00edtica sanitaria impulsada por el ministro Cardozo. A la vez, la coordinaci\u00f3n y la capacitaci\u00f3n continua han permitido mejorar la atenci\u00f3n y el tratamiento de los pacientes, lo que ha tenido un impacto positivo en la salud de la poblaci\u00f3n.<\/p>\n\n\n\n<p>La coordinaci\u00f3n general de las Redes est\u00e1 a cargo de la subsecretaria de Atenci\u00f3n Primaria y de Programas Nacionales y Provinciales, Alicia Pereira. Los coordinadores generales de las Redes de Especialidades Cr\u00edticas son Patricia G\u00f3mez de la Fuente y Fabi\u00e1n Plano.<\/p>\n\n\n\n<p>Los coordinadores de la Red Provincial de Infarto Agudo de Miocardio son los doctores Stella Maris Mac\u00edn, Rolando Pantich y Cristian Untergolzter.<\/p>\n\n\n<div class=\"wp-block-image\">\n<figure class=\"aligncenter size-full\"><img decoding=\"async\" src=\"https:\/\/corrientesdetarde.com\/wp-content\/uploads\/2025\/07\/image-612.png\" alt=\"\" class=\"wp-image-218144\"\/><\/figure>\n<\/div>\n\n\n<p><\/p>\n","protected":false},"excerpt":{"rendered":"<p>Ser\u00e1 en el Sal\u00f3n Verde de Casa de Gobierno el lunes 21 de julio a las 10. Se caracteriza por una alta resoluci\u00f3n y organizaci\u00f3n, entre otras. El ministro de&hellip; <\/p>\n","protected":false},"author":1,"featured_media":218144,"comment_status":"closed","ping_status":"open","sticky":false,"template":"","format":"standard","meta":{"footnotes":""},"categories":[16],"tags":[],"class_list":["post-218138","post","type-post","status-publish","format-standard","has-post-thumbnail","hentry","category-bienestar-y-salud"],"_links":{"self":[{"href":"https:\/\/corrientesdetarde.com\/index.php\/wp-json\/wp\/v2\/posts\/218138","targetHints":{"allow":["GET"]}}],"collection":[{"href":"https:\/\/corrientesdetarde.com\/index.php\/wp-json\/wp\/v2\/posts"}],"about":[{"href":"https:\/\/corrientesdetarde.com\/index.php\/wp-json\/wp\/v2\/types\/post"}],"author":[{"embeddable":true,"href":"https:\/\/corrientesdetarde.com\/index.php\/wp-json\/wp\/v2\/users\/1"}],"replies":[{"embeddable":true,"href":"https:\/\/corrientesdetarde.com\/index.php\/wp-json\/wp\/v2\/comments?post=218138"}],"version-history":[{"count":1,"href":"https:\/\/corrientesdetarde.com\/index.php\/wp-json\/wp\/v2\/posts\/218138\/revisions"}],"predecessor-version":[{"id":218145,"href":"https:\/\/corrientesdetarde.com\/index.php\/wp-json\/wp\/v2\/posts\/218138\/revisions\/218145"}],"wp:featuredmedia":[{"embeddable":true,"href":"https:\/\/corrientesdetarde.com\/index.php\/wp-json\/wp\/v2\/media\/218144"}],"wp:attachment":[{"href":"https:\/\/corrientesdetarde.com\/index.php\/wp-json\/wp\/v2\/media?parent=218138"}],"wp:term":[{"taxonomy":"category","embeddable":true,"href":"https:\/\/corrientesdetarde.com\/index.php\/wp-json\/wp\/v2\/categories?post=218138"},{"taxonomy":"post_tag","embeddable":true,"href":"https:\/\/corrientesdetarde.com\/index.php\/wp-json\/wp\/v2\/tags?post=218138"}],"curies":[{"name":"wp","href":"https:\/\/api.w.org\/{rel}","templated":true}]}}