{"id":218146,"date":"2025-07-21T10:15:00","date_gmt":"2025-07-21T13:15:00","guid":{"rendered":"https:\/\/corrientesdetarde.com\/?p=218146"},"modified":"2025-07-21T10:15:04","modified_gmt":"2025-07-21T13:15:04","slug":"vecinos-cortaron-el-transito-con-basura-arrojada-por-carreros","status":"publish","type":"post","link":"https:\/\/corrientesdetarde.com\/index.php\/sociales\/vecinos-cortaron-el-transito-con-basura-arrojada-por-carreros\/","title":{"rendered":"Vecinos cortaron el tr\u00e1nsito con basura arrojada por carreros"},"content":{"rendered":"\n<p>Una situaci\u00f3n compleja se vivi\u00f3 ayer en la esquina de las calles Gobernador Castillo y Necochea, a pocas cuadras del centro de la ciudad de Corrientes.<\/p>\n\n\n\n<p><\/p>\n\n\n\n<p>En esa zona, los carreros se tomaron como &#8220;costumbre&#8221; arrojar la basura en las veredas de un predio desocupado.<\/p>\n\n\n\n<p>Esta mala actitud se repite a\u00fan m\u00e1s all\u00e1 de la constante intervenci\u00f3n de los camiones de Lusa.<\/p>\n\n\n\n<p>Ayer, cansados de \u00e9sta irresponsabilidad, utilizaron los desechos para realizar un &#8220;piquete&#8221;.<\/p>\n\n\n\n<p>Por varios minutos se suscitaron momentos de suma tensi\u00f3n, ya que los carreros insultaron e intentaron agredir a la gente.<\/p>\n\n\n\n<p>La Polic\u00eda tuvo que intervenir para evitar que la situaci\u00f3n derive en algo peor.<\/p>\n\n\n\n<figure class=\"wp-block-image\"><img decoding=\"async\" src=\"https:\/\/www.radiodos.com.ar\/content\/bucket\/3\/266783w380h676c.jpg.webp\" alt=\"\"\/><\/figure>\n","protected":false},"excerpt":{"rendered":"<p>Una situaci\u00f3n compleja se vivi\u00f3 ayer en la esquina de las calles Gobernador Castillo y Necochea, a pocas cuadras del centro de la ciudad de Corrientes. En esa zona, los&hellip; <\/p>\n","protected":false},"author":1,"featured_media":218147,"comment_status":"closed","ping_status":"open","sticky":false,"template":"","format":"standard","meta":{"footnotes":""},"categories":[17],"tags":[],"class_list":["post-218146","post","type-post","status-publish","format-standard","has-post-thumbnail","hentry","category-sociales"],"_links":{"self":[{"href":"https:\/\/corrientesdetarde.com\/index.php\/wp-json\/wp\/v2\/posts\/218146","targetHints":{"allow":["GET"]}}],"collection":[{"href":"https:\/\/corrientesdetarde.com\/index.php\/wp-json\/wp\/v2\/posts"}],"about":[{"href":"https:\/\/corrientesdetarde.com\/index.php\/wp-json\/wp\/v2\/types\/post"}],"author":[{"embeddable":true,"href":"https:\/\/corrientesdetarde.com\/index.php\/wp-json\/wp\/v2\/users\/1"}],"replies":[{"embeddable":true,"href":"https:\/\/corrientesdetarde.com\/index.php\/wp-json\/wp\/v2\/comments?post=218146"}],"version-history":[{"count":1,"href":"https:\/\/corrientesdetarde.com\/index.php\/wp-json\/wp\/v2\/posts\/218146\/revisions"}],"predecessor-version":[{"id":218148,"href":"https:\/\/corrientesdetarde.com\/index.php\/wp-json\/wp\/v2\/posts\/218146\/revisions\/218148"}],"wp:featuredmedia":[{"embeddable":true,"href":"https:\/\/corrientesdetarde.com\/index.php\/wp-json\/wp\/v2\/media\/218147"}],"wp:attachment":[{"href":"https:\/\/corrientesdetarde.com\/index.php\/wp-json\/wp\/v2\/media?parent=218146"}],"wp:term":[{"taxonomy":"category","embeddable":true,"href":"https:\/\/corrientesdetarde.com\/index.php\/wp-json\/wp\/v2\/categories?post=218146"},{"taxonomy":"post_tag","embeddable":true,"href":"https:\/\/corrientesdetarde.com\/index.php\/wp-json\/wp\/v2\/tags?post=218146"}],"curies":[{"name":"wp","href":"https:\/\/api.w.org\/{rel}","templated":true}]}}