{"id":218155,"date":"2025-07-21T10:33:44","date_gmt":"2025-07-21T13:33:44","guid":{"rendered":"https:\/\/corrientesdetarde.com\/?p=218155"},"modified":"2025-07-21T10:33:55","modified_gmt":"2025-07-21T13:33:55","slug":"almada-quedo-segundo-en-la-vuelta-a-valladolid-junior-2","status":"publish","type":"post","link":"https:\/\/corrientesdetarde.com\/index.php\/deportes\/almada-quedo-segundo-en-la-vuelta-a-valladolid-junior-2\/","title":{"rendered":"Almada qued\u00f3 segundo en la Vuelta a Valladolid Junior"},"content":{"rendered":"\n<p>La 33\u00aa Vuelta a Valladolid Junior de ciclismo concluy\u00f3 este domingo con el goyano Nicol\u00e1s Almada logrando el segundo puesto en la clasificaci\u00f3n general despu\u00e9s de tres\u00a0jornadas, cuatro etapas\u00a0y m\u00e1s de 326 kil\u00f3metros recorridos.<\/p>\n\n\n\n<p>Aitor Mart\u00ednez, del equipo Polti Visit Malta, se llev\u00f3 la Vuelta&nbsp;con un tiempo de 7:39.17, con 46 segundos de ventaja con respecto a Almada (Picusa Academy) y 1:14 sobre Sam Koop (Occitane Ciclisme).<\/p>\n\n\n\n<p>Mart\u00ednez fue el gran dominador de la vuelta, adjudic\u00e1ndose tres victorias parciales: la primera etapa con final en Mayorga, el segundo sector de la contrarreloj de Portillo y en la jornada final en Valladolid. La victoria de Santiago Ag\u00fcero en el primer sector de la segunda jornada, con final en Laguna de Duero, provoc\u00f3 un cambio moment\u00e1neo en la general, con&nbsp;Almada y Mart\u00ednez compartiendo liderato en dicha clasificaci\u00f3n.<\/p>\n\n\n\n<p>El goyano de 17 a\u00f1os que est\u00e1 cumpliendo su primera temporada junto al equipo espa\u00f1ol de Picusa Academy logr\u00f3 tres segundos puestos y dos s\u00e9ptimos. &#8220;Voy despacio, pero con pasos muy seguros&#8221;, escribi\u00f3 Almada en sus redes sociales.<\/p>\n\n\n\n<p>La producci\u00f3n de Almada fue determinante para que el Picusa Academy se lleve&nbsp;el primer premio por equipos de la tradicional vuelta cicl\u00edstica en Espa\u00f1a.<\/p>\n\n\n\n<p>La primera&nbsp;etapa en l\u00ednea de 114 kil\u00f3metros se desarroll\u00f3 el viernes entre la capital vallisoletana y Mayorga.&nbsp;El s\u00e1bado, la Vuelta Ciclista junior disput\u00f3&nbsp;dos etapas, la primera fue en l\u00ednea de 66 kil\u00f3metros, entre Simancas y Laguna de Duero y la segunda una&nbsp;contrarreloj individual de tan s\u00f3lo 9 kil\u00f3metros, pero con final en alto, entre Mojados y Portillo.<\/p>\n\n\n\n<p>La vuelta concluy\u00f3 este domingo con una cuarta etapa de 138 kil\u00f3metros, con salida y llegada en la capital vallisoletana. En esta instancia,&nbsp;Mart\u00ednez se impuso&nbsp;en el sprint&nbsp;por delante de Almada y Jos\u00e9 Guijarro.<\/p>\n\n\n\n<p>La competencia&nbsp;complet\u00f3&nbsp;m\u00e1s de 326 kil\u00f3metros y cont\u00f3 con&nbsp;un total de 30 equipos participantes, con cerca de 200 corredores y con la presencia de dos escuadras portuguesas y uno francesa.<\/p>\n\n\n\n<p>Almada lleg\u00f3 a esta prueba en Espa\u00f1a despu\u00e9s de su gran paso por el 35\u00ba Gran Premio do Minho que se concret\u00f3 en Portugal donde&nbsp;gan\u00f3 una de las etapas, logr\u00f3 el premio a la regularidad, &nbsp;se impuso en la tabla por puntos y qued\u00f3 entre los 10 mejores en la tradicional competencia de ciclismo en etapas sobre ruta para junior.<\/p>\n","protected":false},"excerpt":{"rendered":"<p>La 33\u00aa Vuelta a Valladolid Junior de ciclismo concluy\u00f3 este domingo con el goyano Nicol\u00e1s Almada logrando el segundo puesto en la clasificaci\u00f3n general despu\u00e9s de tres\u00a0jornadas, cuatro etapas\u00a0y m\u00e1s&hellip; <\/p>\n","protected":false},"author":1,"featured_media":218169,"comment_status":"closed","ping_status":"open","sticky":false,"template":"","format":"standard","meta":{"footnotes":""},"categories":[4,1208],"tags":[],"class_list":["post-218155","post","type-post","status-publish","format-standard","has-post-thumbnail","hentry","category-deportes","category-eventossociedad"],"_links":{"self":[{"href":"https:\/\/corrientesdetarde.com\/index.php\/wp-json\/wp\/v2\/posts\/218155","targetHints":{"allow":["GET"]}}],"collection":[{"href":"https:\/\/corrientesdetarde.com\/index.php\/wp-json\/wp\/v2\/posts"}],"about":[{"href":"https:\/\/corrientesdetarde.com\/index.php\/wp-json\/wp\/v2\/types\/post"}],"author":[{"embeddable":true,"href":"https:\/\/corrientesdetarde.com\/index.php\/wp-json\/wp\/v2\/users\/1"}],"replies":[{"embeddable":true,"href":"https:\/\/corrientesdetarde.com\/index.php\/wp-json\/wp\/v2\/comments?post=218155"}],"version-history":[{"count":1,"href":"https:\/\/corrientesdetarde.com\/index.php\/wp-json\/wp\/v2\/posts\/218155\/revisions"}],"predecessor-version":[{"id":218172,"href":"https:\/\/corrientesdetarde.com\/index.php\/wp-json\/wp\/v2\/posts\/218155\/revisions\/218172"}],"wp:featuredmedia":[{"embeddable":true,"href":"https:\/\/corrientesdetarde.com\/index.php\/wp-json\/wp\/v2\/media\/218169"}],"wp:attachment":[{"href":"https:\/\/corrientesdetarde.com\/index.php\/wp-json\/wp\/v2\/media?parent=218155"}],"wp:term":[{"taxonomy":"category","embeddable":true,"href":"https:\/\/corrientesdetarde.com\/index.php\/wp-json\/wp\/v2\/categories?post=218155"},{"taxonomy":"post_tag","embeddable":true,"href":"https:\/\/corrientesdetarde.com\/index.php\/wp-json\/wp\/v2\/tags?post=218155"}],"curies":[{"name":"wp","href":"https:\/\/api.w.org\/{rel}","templated":true}]}}