{"id":218157,"date":"2025-07-21T10:22:40","date_gmt":"2025-07-21T13:22:40","guid":{"rendered":"https:\/\/corrientesdetarde.com\/?p=218157"},"modified":"2025-07-21T10:22:52","modified_gmt":"2025-07-21T13:22:52","slug":"exitosa-clausura-del-xxi-encuentro-internacional-de-minibasquet-perico-aquino","status":"publish","type":"post","link":"https:\/\/corrientesdetarde.com\/index.php\/deportes\/exitosa-clausura-del-xxi-encuentro-internacional-de-minibasquet-perico-aquino\/","title":{"rendered":"Exitosa clausura del XXI Encuentro Internacional de Minib\u00e1squet \u201cPerico Aquino\u201d"},"content":{"rendered":"\n<p><em>El intendente y primer candidato a diputado provincial por Vamos Corrientes Eduardo Tassano acompa\u00f1\u00f3 el acto de cierre de este tradicional evento que reuni\u00f3 a miles de chicos de todo el pa\u00eds y de Paraguay. \u201cEl deseo es seguir trabajando todos juntos: dirigentes, intendentes, profesores, presidentes de clubes por el deporte y por nuestros ni\u00f1os\u201d, destac\u00f3 el intendente en la ocasi\u00f3n.<\/em><\/p>\n\n\n\n<p>El estadio del Club Regatas Jos\u00e9 Jorge Contte fue sede del acto de clausura de la XXI edici\u00f3n del Encuentro Internacional de Minib\u00e1squet \u201cPerico Aquino\u201d, una fiesta deportiva que volvi\u00f3 a las calles de la ciudad de Corrientes.\u00a0<br><br>Participaron alrededor de 4.000 ni\u00f1os y ni\u00f1as de m\u00e1s de 80 clubes de Argentina y Paraguay en 940 partidos distribuidos en 40 canchas de la ciudad, promoviendo la integraci\u00f3n, el turismo y as\u00ed el consumo y el impulso a la econom\u00eda local de la capital correntina.\u00a0<br><br>En el acto estuvieron presentes el intendente de la ciudad y presidente del Club de Regatas Corrientes, Dr. Eduardo Tassano, el secretario de Deportes de la Provincia, Jorge Terrile, el intendente de Ituzaing\u00f3, Juan Pablo Vald\u00e9s, miembros de la Comisi\u00f3n Directiva del Club, directivos del b\u00e1squetbol federativo y asociativo, entre otros.<br><br>Durante su discurso, Eduardo Tassano subray\u00f3 la importancia del evento:\u201cQuiero destacar esta edici\u00f3n n\u00famero 21 del Perico Aquino. Agradecer a los m\u00e1s de 80 clubes que se hicieron presentes, provenientes de m\u00e1s de 8 provincias argentinas y de nuestros hermanos de la Rep\u00fablica del Paraguay. Nos comprometemos a seguir realizando esto que es el evento social deportivo m\u00e1s importante del Club de Regatas\u201d.<br><br>Por su parte, el secretario de Deportes Jorge Terrile felicit\u00f3 al club y destac\u00f3 la magnitud del evento: \u201cEsta es una fiesta que tiene m\u00e1s de 20 a\u00f1os con una participaci\u00f3n que vemos que todos los a\u00f1os mejora, y hace de la ciudad de Corrientes una postal el fin de semana con los chicos paseando. Este sin duda es nuestro semillero\u201d.<br><br>La jornada tambi\u00e9n incluy\u00f3 un momento emotivo con la entrega de un reconocimiento a Carmen, esposa del recordado \u201cPerico\u201d Aquino, figura emblem\u00e1tica del minib\u00e1squet en Corrientes, formador y referente para generaciones de deportistas.<br><br>La edici\u00f3n XXI del Perico Aquino reafirma el compromiso de Corrientes con el desarrollo deportivo, la integraci\u00f3n regional y el impulso del turismo como motor econ\u00f3mico y social.<\/p>\n\n\n\n<figure class=\"wp-block-image size-large\"><img loading=\"lazy\" decoding=\"async\" width=\"1024\" height=\"672\" src=\"https:\/\/corrientesdetarde.com\/wp-content\/uploads\/2025\/07\/image-618-1024x672.png\" alt=\"\" class=\"wp-image-218161\" srcset=\"https:\/\/corrientesdetarde.com\/wp-content\/uploads\/2025\/07\/image-618-1024x672.png 1024w, https:\/\/corrientesdetarde.com\/wp-content\/uploads\/2025\/07\/image-618-300x197.png 300w, https:\/\/corrientesdetarde.com\/wp-content\/uploads\/2025\/07\/image-618-768x504.png 768w, https:\/\/corrientesdetarde.com\/wp-content\/uploads\/2025\/07\/image-618.png 1085w\" sizes=\"auto, (max-width: 1024px) 100vw, 1024px\" \/><\/figure>\n\n\n\n<figure class=\"wp-block-image size-large\"><img loading=\"lazy\" decoding=\"async\" width=\"1024\" height=\"694\" src=\"https:\/\/corrientesdetarde.com\/wp-content\/uploads\/2025\/07\/image-616-1024x694.png\" alt=\"\" class=\"wp-image-218158\" srcset=\"https:\/\/corrientesdetarde.com\/wp-content\/uploads\/2025\/07\/image-616-1024x694.png 1024w, https:\/\/corrientesdetarde.com\/wp-content\/uploads\/2025\/07\/image-616-300x203.png 300w, https:\/\/corrientesdetarde.com\/wp-content\/uploads\/2025\/07\/image-616-768x520.png 768w, https:\/\/corrientesdetarde.com\/wp-content\/uploads\/2025\/07\/image-616.png 1070w\" sizes=\"auto, (max-width: 1024px) 100vw, 1024px\" \/><\/figure>\n","protected":false},"excerpt":{"rendered":"<p>El intendente y primer candidato a diputado provincial por Vamos Corrientes Eduardo Tassano acompa\u00f1\u00f3 el acto de cierre de este tradicional evento que reuni\u00f3 a miles de chicos de todo&hellip; <\/p>\n","protected":false},"author":1,"featured_media":218160,"comment_status":"closed","ping_status":"open","sticky":false,"template":"","format":"standard","meta":{"footnotes":""},"categories":[4,22],"tags":[],"class_list":["post-218157","post","type-post","status-publish","format-standard","has-post-thumbnail","hentry","category-deportes","category-eventos"],"_links":{"self":[{"href":"https:\/\/corrientesdetarde.com\/index.php\/wp-json\/wp\/v2\/posts\/218157","targetHints":{"allow":["GET"]}}],"collection":[{"href":"https:\/\/corrientesdetarde.com\/index.php\/wp-json\/wp\/v2\/posts"}],"about":[{"href":"https:\/\/corrientesdetarde.com\/index.php\/wp-json\/wp\/v2\/types\/post"}],"author":[{"embeddable":true,"href":"https:\/\/corrientesdetarde.com\/index.php\/wp-json\/wp\/v2\/users\/1"}],"replies":[{"embeddable":true,"href":"https:\/\/corrientesdetarde.com\/index.php\/wp-json\/wp\/v2\/comments?post=218157"}],"version-history":[{"count":1,"href":"https:\/\/corrientesdetarde.com\/index.php\/wp-json\/wp\/v2\/posts\/218157\/revisions"}],"predecessor-version":[{"id":218162,"href":"https:\/\/corrientesdetarde.com\/index.php\/wp-json\/wp\/v2\/posts\/218157\/revisions\/218162"}],"wp:featuredmedia":[{"embeddable":true,"href":"https:\/\/corrientesdetarde.com\/index.php\/wp-json\/wp\/v2\/media\/218160"}],"wp:attachment":[{"href":"https:\/\/corrientesdetarde.com\/index.php\/wp-json\/wp\/v2\/media?parent=218157"}],"wp:term":[{"taxonomy":"category","embeddable":true,"href":"https:\/\/corrientesdetarde.com\/index.php\/wp-json\/wp\/v2\/categories?post=218157"},{"taxonomy":"post_tag","embeddable":true,"href":"https:\/\/corrientesdetarde.com\/index.php\/wp-json\/wp\/v2\/tags?post=218157"}],"curies":[{"name":"wp","href":"https:\/\/api.w.org\/{rel}","templated":true}]}}