{"id":218209,"date":"2025-07-21T13:08:08","date_gmt":"2025-07-21T16:08:08","guid":{"rendered":"https:\/\/corrientesdetarde.com\/?p=218209"},"modified":"2025-07-21T13:08:20","modified_gmt":"2025-07-21T16:08:20","slug":"valdes-inauguro-la-plaza-ruben-dario-casco-con-un-mensaje-de-igualdad-para-los-vecinos-de-los-barrios","status":"publish","type":"post","link":"https:\/\/corrientesdetarde.com\/index.php\/actualidad\/valdes-inauguro-la-plaza-ruben-dario-casco-con-un-mensaje-de-igualdad-para-los-vecinos-de-los-barrios\/","title":{"rendered":"Vald\u00e9s inaugur\u00f3 la plaza Rub\u00e9n Dar\u00edo Casco con un mensaje de igualdad para los vecinos de los barrios"},"content":{"rendered":"\n<p>CORTE DE CINTAS EN LAS MIL VIVIENDAS<\/p>\n\n\n\n<p><strong>El gobernador Gustavo Vald\u00e9s inaugur\u00f3&nbsp;<\/strong><strong>este lunes<\/strong><strong>&nbsp;la remodelaci\u00f3n integral de la plaza Rub\u00e9n Dar\u00edo Casco en el barrio Mil Viviendas, destacando el valor de la obra p\u00fablica como factor de integraci\u00f3n social y llamando a los vecinos a preservar estos espacios comunes. &#8220;La ciudad mejora cuando estamos unidos, trabajando juntos y con conciencia de que todos merecemos las mismas obras p\u00fablicas, vivamos donde vivamos&#8221;, afirm\u00f3 el mandatario.<\/strong><\/p>\n\n\n\n<p>La restauraci\u00f3n del paseo, ubicado sobre la avenida Paysand\u00fa en el barrio 1000 Viviendas, comprendi\u00f3 arreglos en la p\u00e9rgola, luces LED, cestos de residuos, nuevos bancos, veredas y rampas. El subsecretario de Obras de la Municipalidad, Jorge L\u00f3pez Monaje cont\u00f3 en la oportunidad que se instalaron nuevos juegos para los ni\u00f1os en un sector con piso de caucho para mayor seguridad. Tambi\u00e9n una cancha de tejo y sector de calistenia.<\/p>\n\n\n\n<p>Con un fuerte llamado al cuidado colectivo de los espacios p\u00fablicos, el gobernador Gustavo Vald\u00e9s se dirigi\u00f3 a las autoridades y pobladores de la zona, en car\u00e1cter de \u201cun vecino m\u00e1s\u201d, y remarc\u00f3 la importancia que tienen las plazas y espacios p\u00fablicos para la calidad de vida de las personas. \u201cEs el lugar al cual salimos, donde compartimos, y que todos tenemos que proteger\u201d, apunt\u00f3.<\/p>\n\n\n\n<p>Adem\u00e1s, repas\u00f3 una serie de obras que requirieron la inversi\u00f3n p\u00fablica para su realizaci\u00f3n en distintas plazas de la Capital. Record\u00f3 as\u00ed la remodelaci\u00f3n y puesta en valor de la emblem\u00e1tica plaza 25 de Mayo, a las cual se\u00f1al\u00f3 como \u201cla m\u00e1s importante de la capital por su lugar hist\u00f3rico de asiento del gobierno\u201d, la de la plaza La Cruz y la recientemente inaugurada Plaza Libertad, \u201cdonde nosotros contamos la historia de los correntinos\u201d, sostuvo.<\/p>\n\n\n\n<p>De cara al futuro, el gobernador evalu\u00f3 que \u201ca la pr\u00f3xima gesti\u00f3n, seguramente le va a tocar a Juan Pablo Vald\u00e9s y a Claudio Polich, continuar con otras plazas que tiene la ciudad y seguir trabajando en conjunto, para que haya esta din\u00e1mica entre el gobierno Provincial y Municipal\u201d, se\u00f1al\u00f3.<\/p>\n\n\n\n<p>A la vez, record\u00f3 que junto al intendente Eduardo Tassano \u201cnos hicimos cargo de otras obras, que no siempre se ven, como los desag\u00fces pluviales. En el barrio Cacique Canindey\u00fa se hicieron esas obras muy importantes, ya que se inundaba hasta la Escuela 404 cada vez que llov\u00eda\u201d, record\u00f3.<\/p>\n\n\n\n<p>\u201cSi no hubi\u00e9semos trabajado juntos, los recursos no hubieran alcanzando, por eso hay que compartir. Y tenemos que votar a quienes compartan, conozcan y tengan la experiencia\u201d, mencion\u00f3, en tanto record\u00f3 que al inicio de la gesti\u00f3n, \u201cen esta ciudad se saltaban cunetas con aguas servidas y la arenilla que se barr\u00eda se tiraba en los barrios de la gente humilde. Logramos cambiar esa realidad\u201d, asegur\u00f3 el gobernador, en tanto se\u00f1al\u00f3 las reformas realizadas sobre avenida Iber\u00e1, en cercan\u00edas a la plaza que se estaba inaugurando.<\/p>\n\n\n\n<p>\u201cLa obra p\u00fablica es fundamental, no hay que renunciar a eso\u201d, dijo tambi\u00e9n. \u201cTenemos que tener gente que sepa, que invierta, que tenga conciencia que quienes vivimos en los barrios, merecemos la misma obra p\u00fablica que quienes viven en otras partes de la ciudad. Por eso es importante que tengamos un gobernador y un intendente preocupados por la ciudad y por su gente. Y tenemos que seguir trabajando de esta manera, a este ritmo, y administrar bien para que los recursos alcancen. Lo m\u00e1s importante es estar unidos para trabajar por nuestros habitantes y que la ciudad est\u00e9 cada vez mejor, y m\u00e1s linda\u201d, finaliz\u00f3<\/p>\n\n\n\n<p><strong>Ministro Polich<\/strong><\/p>\n\n\n\n<p>Por su parte, el ministro de Obras P\u00fablicas, Claudio Polich indic\u00f3 que todo lo referido a poner en valor espacios p\u00fablicos es muy importante. \u201cEsto es as\u00ed porque aqu\u00ed confluye toda la sociedad, sin distinci\u00f3n de edades y clases sociales\u201d.<\/p>\n\n\n\n<p>En este sentido, consider\u00f3 fundamental dotar estos espacios con infraestructura, iluminaci\u00f3n y seguridad. \u201cJunto a la Municipalidad venimos jerarquizando plazas, la costanera y muchos otros espacios verdes, siempre trabajando juntos para ofrecer mejores lugares de encuentro\u201d, declar\u00f3.<\/p>\n\n\n\n<p><strong>Intendente Tassano<\/strong><\/p>\n\n\n\n<p>El intendente Eduardo Tassano remarc\u00f3 la importancia de la transformaci\u00f3n urbana que est\u00e1 atravesando la ciudad, pero destac\u00f3 especialmente un cambio cultural en la comunidad: &#8220;Siempre hablamos de la transformaci\u00f3n de la infraestructura, pero tambi\u00e9n hay una transformaci\u00f3n en las mentes&#8221;.<\/p>\n\n\n\n<p>En este contexto, resalt\u00f3 la revalorizaci\u00f3n que el Gobierno provincial realiz\u00f3 en la Costanera Norte, consider\u00e1ndola &#8220;el punto tur\u00edstico m\u00e1s importante de Corrientes&#8221;, lo que, seg\u00fan explic\u00f3, impulsa otras obras similares en toda la ciudad.<\/p>\n\n\n\n<p>Tassano se\u00f1al\u00f3 que, siguiendo recomendaciones de la Organizaci\u00f3n Mundial de la Salud, las ciudades deber\u00edan tener 10 metros cuadrados de espacio verde por habitante. &#8220;Cuando asumimos, Corrientes apenas ten\u00eda 3 metros cuadrados por habitante, hoy estamos cerca de 5&#8221;, detall\u00f3, mencionando la recuperaci\u00f3n de numerosos espacios p\u00fablicos, incluida la Reserva Natural Santa Catalina.<\/p>\n\n\n\n<p>El intendente puntualiz\u00f3 que durante su gesti\u00f3n se han convertido 38 terrenos bald\u00edos que eran basurales en peque\u00f1as plazas y lugares de encuentro. Adem\u00e1s, inform\u00f3 que se trabaj\u00f3 en alrededor de 250 plazas y espacios p\u00fablicos, &#8220;muchas con importantes mejoras&#8221;, y mencion\u00f3 ejemplos destacados como la Plaza de los Constituyentes en la zona sur, la Plaza Estado de Israel en barrio Apip\u00e9, y anticip\u00f3 la pronta inauguraci\u00f3n de la Plaza del Mercosur.<\/p>\n\n\n\n<p>Tassano valor\u00f3 especialmente la apropiaci\u00f3n ciudadana de estos espacios, destacando la masiva concurrencia observada los fines de semana: &#8220;Esto refleja la apropiaci\u00f3n que han hecho los vecinos de sus plazas y parques&#8221;.<\/p>\n\n\n\n<p>Finalmente, subray\u00f3 la importancia del trabajo conjunto entre la gesti\u00f3n municipal y provincial, incluyendo \u00e1reas como Obras P\u00fablicas, Vialidad y Vialidad Urbana. &#8220;Esto lo hemos hecho juntos, trabajando en equipo con Gustavo, sin conflictos y pensando en un futuro de crecimiento para esta hermosa ciudad&#8221;, concluy\u00f3.<\/p>\n\n\n\n<h1 class=\"wp-block-heading\"><strong>Presencias<\/strong><\/h1>\n\n\n\n<p>Acompa\u00f1aron el acto ministros, secretarios y subsecretarios del Poder Ejecutivo; el senador nacional, Carlos Mauricio Esp\u00ednola; legisladores; el viceintendente de Capital, Emilio Lanari y autoridades municipales.<\/p>\n\n\n\n<figure class=\"wp-block-image size-large\"><img loading=\"lazy\" decoding=\"async\" width=\"1024\" height=\"683\" src=\"https:\/\/corrientesdetarde.com\/wp-content\/uploads\/2025\/07\/ValdesPlazaCasco6-1-1024x683.jpeg\" alt=\"\" class=\"wp-image-218210\" srcset=\"https:\/\/corrientesdetarde.com\/wp-content\/uploads\/2025\/07\/ValdesPlazaCasco6-1-1024x683.jpeg 1024w, https:\/\/corrientesdetarde.com\/wp-content\/uploads\/2025\/07\/ValdesPlazaCasco6-1-300x200.jpeg 300w, https:\/\/corrientesdetarde.com\/wp-content\/uploads\/2025\/07\/ValdesPlazaCasco6-1-768x512.jpeg 768w, https:\/\/corrientesdetarde.com\/wp-content\/uploads\/2025\/07\/ValdesPlazaCasco6-1-1536x1024.jpeg 1536w, https:\/\/corrientesdetarde.com\/wp-content\/uploads\/2025\/07\/ValdesPlazaCasco6-1-2048x1365.jpeg 2048w\" sizes=\"auto, (max-width: 1024px) 100vw, 1024px\" \/><\/figure>\n\n\n\n<figure class=\"wp-block-image size-large\"><img loading=\"lazy\" decoding=\"async\" width=\"1024\" height=\"683\" src=\"https:\/\/corrientesdetarde.com\/wp-content\/uploads\/2025\/07\/ValdesPlazaCasco6-1024x683.jpeg\" alt=\"\" class=\"wp-image-218211\" srcset=\"https:\/\/corrientesdetarde.com\/wp-content\/uploads\/2025\/07\/ValdesPlazaCasco6-1024x683.jpeg 1024w, https:\/\/corrientesdetarde.com\/wp-content\/uploads\/2025\/07\/ValdesPlazaCasco6-300x200.jpeg 300w, https:\/\/corrientesdetarde.com\/wp-content\/uploads\/2025\/07\/ValdesPlazaCasco6-768x512.jpeg 768w, https:\/\/corrientesdetarde.com\/wp-content\/uploads\/2025\/07\/ValdesPlazaCasco6-1536x1024.jpeg 1536w, https:\/\/corrientesdetarde.com\/wp-content\/uploads\/2025\/07\/ValdesPlazaCasco6-2048x1365.jpeg 2048w\" sizes=\"auto, (max-width: 1024px) 100vw, 1024px\" \/><\/figure>\n\n\n\n<figure class=\"wp-block-image size-large\"><img loading=\"lazy\" decoding=\"async\" width=\"1024\" height=\"683\" src=\"https:\/\/corrientesdetarde.com\/wp-content\/uploads\/2025\/07\/ValdesPlazaCasco5-1024x683.jpeg\" alt=\"\" class=\"wp-image-218216\" srcset=\"https:\/\/corrientesdetarde.com\/wp-content\/uploads\/2025\/07\/ValdesPlazaCasco5-1024x683.jpeg 1024w, https:\/\/corrientesdetarde.com\/wp-content\/uploads\/2025\/07\/ValdesPlazaCasco5-300x200.jpeg 300w, https:\/\/corrientesdetarde.com\/wp-content\/uploads\/2025\/07\/ValdesPlazaCasco5-768x512.jpeg 768w, https:\/\/corrientesdetarde.com\/wp-content\/uploads\/2025\/07\/ValdesPlazaCasco5-1536x1024.jpeg 1536w, https:\/\/corrientesdetarde.com\/wp-content\/uploads\/2025\/07\/ValdesPlazaCasco5-2048x1365.jpeg 2048w\" sizes=\"auto, (max-width: 1024px) 100vw, 1024px\" \/><\/figure>\n\n\n\n<figure class=\"wp-block-image size-large\"><img loading=\"lazy\" decoding=\"async\" width=\"1024\" height=\"622\" src=\"https:\/\/corrientesdetarde.com\/wp-content\/uploads\/2025\/07\/ValdesPlazaCasco4-1024x622.jpeg\" alt=\"\" class=\"wp-image-218215\" srcset=\"https:\/\/corrientesdetarde.com\/wp-content\/uploads\/2025\/07\/ValdesPlazaCasco4-1024x622.jpeg 1024w, https:\/\/corrientesdetarde.com\/wp-content\/uploads\/2025\/07\/ValdesPlazaCasco4-300x182.jpeg 300w, https:\/\/corrientesdetarde.com\/wp-content\/uploads\/2025\/07\/ValdesPlazaCasco4-768x467.jpeg 768w, https:\/\/corrientesdetarde.com\/wp-content\/uploads\/2025\/07\/ValdesPlazaCasco4-1536x933.jpeg 1536w, https:\/\/corrientesdetarde.com\/wp-content\/uploads\/2025\/07\/ValdesPlazaCasco4-2048x1245.jpeg 2048w\" sizes=\"auto, (max-width: 1024px) 100vw, 1024px\" \/><\/figure>\n\n\n\n<figure class=\"wp-block-image size-large\"><img loading=\"lazy\" decoding=\"async\" width=\"1024\" height=\"683\" src=\"https:\/\/corrientesdetarde.com\/wp-content\/uploads\/2025\/07\/ValdesPlazaCasco3-1024x683.jpeg\" alt=\"\" class=\"wp-image-218214\" srcset=\"https:\/\/corrientesdetarde.com\/wp-content\/uploads\/2025\/07\/ValdesPlazaCasco3-1024x683.jpeg 1024w, https:\/\/corrientesdetarde.com\/wp-content\/uploads\/2025\/07\/ValdesPlazaCasco3-300x200.jpeg 300w, https:\/\/corrientesdetarde.com\/wp-content\/uploads\/2025\/07\/ValdesPlazaCasco3-768x512.jpeg 768w, https:\/\/corrientesdetarde.com\/wp-content\/uploads\/2025\/07\/ValdesPlazaCasco3-1536x1024.jpeg 1536w, https:\/\/corrientesdetarde.com\/wp-content\/uploads\/2025\/07\/ValdesPlazaCasco3-2048x1365.jpeg 2048w\" sizes=\"auto, (max-width: 1024px) 100vw, 1024px\" \/><\/figure>\n\n\n\n<figure class=\"wp-block-image size-large\"><img loading=\"lazy\" decoding=\"async\" width=\"1024\" height=\"683\" src=\"https:\/\/corrientesdetarde.com\/wp-content\/uploads\/2025\/07\/ValdesPlazaCasco1-1024x683.jpeg\" alt=\"\" class=\"wp-image-218213\" srcset=\"https:\/\/corrientesdetarde.com\/wp-content\/uploads\/2025\/07\/ValdesPlazaCasco1-1024x683.jpeg 1024w, https:\/\/corrientesdetarde.com\/wp-content\/uploads\/2025\/07\/ValdesPlazaCasco1-300x200.jpeg 300w, https:\/\/corrientesdetarde.com\/wp-content\/uploads\/2025\/07\/ValdesPlazaCasco1-768x512.jpeg 768w, https:\/\/corrientesdetarde.com\/wp-content\/uploads\/2025\/07\/ValdesPlazaCasco1-1536x1024.jpeg 1536w, https:\/\/corrientesdetarde.com\/wp-content\/uploads\/2025\/07\/ValdesPlazaCasco1-2048x1365.jpeg 2048w\" sizes=\"auto, (max-width: 1024px) 100vw, 1024px\" \/><\/figure>\n\n\n\n<figure class=\"wp-block-image size-large\"><img loading=\"lazy\" decoding=\"async\" width=\"1024\" height=\"683\" src=\"https:\/\/corrientesdetarde.com\/wp-content\/uploads\/2025\/07\/ValdesPlazaCasco2-1024x683.jpeg\" alt=\"\" class=\"wp-image-218212\" srcset=\"https:\/\/corrientesdetarde.com\/wp-content\/uploads\/2025\/07\/ValdesPlazaCasco2-1024x683.jpeg 1024w, https:\/\/corrientesdetarde.com\/wp-content\/uploads\/2025\/07\/ValdesPlazaCasco2-300x200.jpeg 300w, https:\/\/corrientesdetarde.com\/wp-content\/uploads\/2025\/07\/ValdesPlazaCasco2-768x512.jpeg 768w, https:\/\/corrientesdetarde.com\/wp-content\/uploads\/2025\/07\/ValdesPlazaCasco2-1536x1024.jpeg 1536w, https:\/\/corrientesdetarde.com\/wp-content\/uploads\/2025\/07\/ValdesPlazaCasco2-2048x1365.jpeg 2048w\" sizes=\"auto, (max-width: 1024px) 100vw, 1024px\" \/><\/figure>\n","protected":false},"excerpt":{"rendered":"<p>CORTE DE CINTAS EN LAS MIL VIVIENDAS El gobernador Gustavo Vald\u00e9s inaugur\u00f3&nbsp;este lunes&nbsp;la remodelaci\u00f3n integral de la plaza Rub\u00e9n Dar\u00edo Casco en el barrio Mil Viviendas, destacando el valor de&hellip; <\/p>\n","protected":false},"author":8,"featured_media":218214,"comment_status":"closed","ping_status":"open","sticky":false,"template":"","format":"standard","meta":{"footnotes":""},"categories":[23],"tags":[],"class_list":["post-218209","post","type-post","status-publish","format-standard","has-post-thumbnail","hentry","category-actualidad"],"_links":{"self":[{"href":"https:\/\/corrientesdetarde.com\/index.php\/wp-json\/wp\/v2\/posts\/218209","targetHints":{"allow":["GET"]}}],"collection":[{"href":"https:\/\/corrientesdetarde.com\/index.php\/wp-json\/wp\/v2\/posts"}],"about":[{"href":"https:\/\/corrientesdetarde.com\/index.php\/wp-json\/wp\/v2\/types\/post"}],"author":[{"embeddable":true,"href":"https:\/\/corrientesdetarde.com\/index.php\/wp-json\/wp\/v2\/users\/8"}],"replies":[{"embeddable":true,"href":"https:\/\/corrientesdetarde.com\/index.php\/wp-json\/wp\/v2\/comments?post=218209"}],"version-history":[{"count":1,"href":"https:\/\/corrientesdetarde.com\/index.php\/wp-json\/wp\/v2\/posts\/218209\/revisions"}],"predecessor-version":[{"id":218217,"href":"https:\/\/corrientesdetarde.com\/index.php\/wp-json\/wp\/v2\/posts\/218209\/revisions\/218217"}],"wp:featuredmedia":[{"embeddable":true,"href":"https:\/\/corrientesdetarde.com\/index.php\/wp-json\/wp\/v2\/media\/218214"}],"wp:attachment":[{"href":"https:\/\/corrientesdetarde.com\/index.php\/wp-json\/wp\/v2\/media?parent=218209"}],"wp:term":[{"taxonomy":"category","embeddable":true,"href":"https:\/\/corrientesdetarde.com\/index.php\/wp-json\/wp\/v2\/categories?post=218209"},{"taxonomy":"post_tag","embeddable":true,"href":"https:\/\/corrientesdetarde.com\/index.php\/wp-json\/wp\/v2\/tags?post=218209"}],"curies":[{"name":"wp","href":"https:\/\/api.w.org\/{rel}","templated":true}]}}