{"id":218218,"date":"2025-07-21T13:12:06","date_gmt":"2025-07-21T16:12:06","guid":{"rendered":"https:\/\/corrientesdetarde.com\/?p=218218"},"modified":"2025-07-21T13:12:16","modified_gmt":"2025-07-21T16:12:16","slug":"juan-roman-riquelme-quiere-a-una-de-las-figuras-de-san-lorenzo-los-detalles-de-la-propuesta-economica","status":"publish","type":"post","link":"https:\/\/corrientesdetarde.com\/index.php\/deportes\/juan-roman-riquelme-quiere-a-una-de-las-figuras-de-san-lorenzo-los-detalles-de-la-propuesta-economica\/","title":{"rendered":"Juan Rom\u00e1n Riquelme quiere a una de las figuras de San Lorenzo: los detalles de la propuesta econ\u00f3mica"},"content":{"rendered":"\n<p>El Xeneize no se retir\u00f3 del mercado de pases y pretende comprar a uno de los futbolistas importantes del Cicl\u00f3n.<\/p>\n\n\n\n<p><strong>Boca<\/strong>\u00a0no se retir\u00f3 del mercado de pases. El presidente del Xeneize\u00a0<strong>Juan Rom\u00e1n Riquelme,<\/strong>\u00a0quiere comprar el pase de<strong>\u00a0Gast\u00f3n Hern\u00e1ndez<\/strong>, una de las figuras de\u00a0<strong>San Lorenzo<\/strong>.<\/p>\n\n\n\n<p>El conjunto que dirige&nbsp;<strong>Miguel \u00c1ngel Russo&nbsp;<\/strong>present\u00f3 a los directivos del club de Boedo una oferta de&nbsp;<strong>4 millones de d\u00f3lares<\/strong>&nbsp;para adquirir al defensor de 27 a\u00f1os. La dirigencia del Cuervo qued\u00f3 en responder, algo que&nbsp;<strong>hasta el momento no ocurri\u00f3<\/strong>.<\/p>\n\n\n\n<figure class=\"wp-block-image\"><img decoding=\"async\" src=\"https:\/\/tn.com.ar\/resizer\/v2\/en-el-conjunto-de-boedo-suma-95-partidos-y-tres-goles-foto-gastonhernandez14instagram-A5G2EX4VTBCKLBUEUYWJII622U.jpg?auth=ffd4f765a933bbc1782c98f3c7786022c63fe1d73da1169abc699c517c5aa558&amp;width=767\" alt=\"En el conjunto de Boedo suma 95 partidos y tres goles. (Foto: gastonhernandez14\/Instagram)\"\/><\/figure>\n\n\n\n<h3 class=\"wp-block-heading\">Qu\u00e9 dijo Gast\u00f3n Hern\u00e1ndez sobre los rumores del inter\u00e9s de Boca<\/h3>\n\n\n\n<p>El defensor, que ya ven\u00eda siendo vinculado al Xeneize desde antes del&nbsp;<strong>Mundial de Clubes<\/strong>, habl\u00f3 este s\u00e1bado, tras el empate sin goles del Cicl\u00f3n ante Gimnasia y Esgrima La Plata:<\/p>\n\n\n\n<p>\u201c<strong>A m\u00ed no me llam\u00f3 nadie. Yo intento abstraerme de todo. Hoy no pienso en otra cosa que no sea San Lorenzo. Ser\u00eda una falta de respeto pensar en otra cosa teniendo la cinta de capit\u00e1n<\/strong>\u201d, respondi\u00f3.<\/p>\n\n\n\n<p>Por lo pronto, hay que esperar la resoluci\u00f3n que tomen en Boedo y ver qu\u00e9 hace Boca ante esa respuesta. La idea del cuerpo t\u00e9cnico es contar con Hern\u00e1ndez para que compita por un lugar como&nbsp;<strong>primer marcador central<\/strong>, a pesar de que en el Cicl\u00f3n se desempe\u00f1a como&nbsp;<strong>segundo central<\/strong>.<\/p>\n\n\n\n<figure class=\"wp-block-image\"><img decoding=\"async\" src=\"https:\/\/tn.com.ar\/resizer\/v2\/en-2024-hernandez-ya-habia-estado-en-la-orbita-de-boca-pero-no-se-concreto-su-llegada-foto-gastonhernandez14instagram-XKOLMCYIL5CYHI7G2YURYTHCQE.jpg?auth=2d89f1f27bb54066610e983b3233f6f711580f9b2ace983669fcd243f1c235ab&amp;width=767\" alt=\"En 2024, Hern\u00e1ndez ya hab\u00eda estado en la \u00f3rbita de Boca, pero no se concret\u00f3 su llegada. (Foto: gastonhernandez14\/Instagram)\"\/><\/figure>\n\n\n\n<p>En ese sector, el equipo solo cuenta con&nbsp;<strong>Lautaro Di Lollo<\/strong>, debido a la lesi\u00f3n muscular que sufri\u00f3&nbsp;<strong>Nicol\u00e1s Figal<\/strong>&nbsp;en el debut ante Argentinos Juniors.&nbsp;<strong>Cristian Lema<\/strong>, por su parte, no es tenido en cuenta y busca salir del club.<\/p>\n\n\n\n<p>En 2024, Hern\u00e1ndez ya hab\u00eda estado en la \u00f3rbita de Boca, pero no se concret\u00f3 su llegada. En el conjunto de Boedo suma&nbsp;<strong>95 partidos y tres goles<\/strong>, aunque el a\u00f1o pasado estuvo varios meses fuera de las canchas por la rotura del&nbsp;<strong>ligamento cruzado anterior<\/strong>&nbsp;de la rodilla derecha.<\/p>\n","protected":false},"excerpt":{"rendered":"<p>El Xeneize no se retir\u00f3 del mercado de pases y pretende comprar a uno de los futbolistas importantes del Cicl\u00f3n. Boca\u00a0no se retir\u00f3 del mercado de pases. El presidente del&hellip; <\/p>\n","protected":false},"author":8,"featured_media":218219,"comment_status":"closed","ping_status":"open","sticky":false,"template":"","format":"standard","meta":{"footnotes":""},"categories":[4],"tags":[],"class_list":["post-218218","post","type-post","status-publish","format-standard","has-post-thumbnail","hentry","category-deportes"],"_links":{"self":[{"href":"https:\/\/corrientesdetarde.com\/index.php\/wp-json\/wp\/v2\/posts\/218218","targetHints":{"allow":["GET"]}}],"collection":[{"href":"https:\/\/corrientesdetarde.com\/index.php\/wp-json\/wp\/v2\/posts"}],"about":[{"href":"https:\/\/corrientesdetarde.com\/index.php\/wp-json\/wp\/v2\/types\/post"}],"author":[{"embeddable":true,"href":"https:\/\/corrientesdetarde.com\/index.php\/wp-json\/wp\/v2\/users\/8"}],"replies":[{"embeddable":true,"href":"https:\/\/corrientesdetarde.com\/index.php\/wp-json\/wp\/v2\/comments?post=218218"}],"version-history":[{"count":1,"href":"https:\/\/corrientesdetarde.com\/index.php\/wp-json\/wp\/v2\/posts\/218218\/revisions"}],"predecessor-version":[{"id":218220,"href":"https:\/\/corrientesdetarde.com\/index.php\/wp-json\/wp\/v2\/posts\/218218\/revisions\/218220"}],"wp:featuredmedia":[{"embeddable":true,"href":"https:\/\/corrientesdetarde.com\/index.php\/wp-json\/wp\/v2\/media\/218219"}],"wp:attachment":[{"href":"https:\/\/corrientesdetarde.com\/index.php\/wp-json\/wp\/v2\/media?parent=218218"}],"wp:term":[{"taxonomy":"category","embeddable":true,"href":"https:\/\/corrientesdetarde.com\/index.php\/wp-json\/wp\/v2\/categories?post=218218"},{"taxonomy":"post_tag","embeddable":true,"href":"https:\/\/corrientesdetarde.com\/index.php\/wp-json\/wp\/v2\/tags?post=218218"}],"curies":[{"name":"wp","href":"https:\/\/api.w.org\/{rel}","templated":true}]}}