{"id":218224,"date":"2025-07-21T13:46:00","date_gmt":"2025-07-21T16:46:00","guid":{"rendered":"https:\/\/corrientesdetarde.com\/?p=218224"},"modified":"2025-07-21T13:46:04","modified_gmt":"2025-07-21T16:46:04","slug":"un-grupo-de-presidentes-de-izquierda-se-reune-en-una-cumbre-en-chile-para-consolidar-la-cooperacion-regional","status":"publish","type":"post","link":"https:\/\/corrientesdetarde.com\/index.php\/internacionales\/un-grupo-de-presidentes-de-izquierda-se-reune-en-una-cumbre-en-chile-para-consolidar-la-cooperacion-regional\/","title":{"rendered":"Un grupo de presidentes de izquierda se re\u00fane en una cumbre en Chile para consolidar la cooperaci\u00f3n regional"},"content":{"rendered":"\n<p>La reuni\u00f3n ser\u00e1 este lunes y fue convocada por Gabriel Boric. Estar\u00e1n Lula da Silva, Gustavo Petro, Yamand\u00fa Orsi y el jefe del gobierno espa\u00f1ol, Pedro S\u00e1nchez. Cu\u00e1l es el objetivo.<\/p>\n\n\n\n<p>Los mandatarios progresistas de Chile, Espa\u00f1a, Brasil, Colombia y Uruguay se reunir\u00e1n el lunes en la capital chilena en una cumbre en&nbsp;<strong>defensa de la democracia<\/strong>, en medio de un momento geopol\u00edtico complejo, con la ultraderecha en alza y a semanas de la entrada en vigor de los nuevos aranceles de Estados Unidos.<\/p>\n\n\n\n<p>El presidente de Chile,&nbsp;<strong>Gabriel Boric<\/strong>, recibir\u00e1 en el Palacio de La Moneda a sus colegas de Brasil,&nbsp;<strong>Luiz In\u00e1cio Lula da Silva<\/strong>; de Colombia,&nbsp;<strong>Gustavo Petro<\/strong>, y de Uruguay,<strong>&nbsp;Yamand\u00fa Orsi<\/strong>, as\u00ed como al jefe del Gobierno espa\u00f1ol,&nbsp;<strong>Pedro S\u00e1nchez<\/strong>.<\/p>\n\n\n\n<p>El objetivo del encuentro, bautizado \u201c<strong>Democracia siempre<\/strong>\u201d, es \u201cavanzar en un posicionamiento compartido en favor del multilateralismo, la democracia y la cooperaci\u00f3n global basada en la justicia social\u201d, seg\u00fan explic\u00f3 la presidencia chilena en un comunicado.<\/p>\n\n\n\n<h2 class=\"wp-block-heading\">Reuniones paralelas con intelectuales y economistas<\/h2>\n\n\n\n<p>Las propuestas que resulten de la cumbre se presentar\u00e1n en otra reuni\u00f3n que se dar\u00e1 en el marco del 80\u00b0 per\u00edodo de sesiones de la Asamblea General de Naciones Unidas, prevista para septiembre, en Nueva York (EE.UU.).<\/p>\n\n\n\n<p>Tras la reuni\u00f3n en La Moneda, los l\u00edderes progresistas almorzar\u00e1n con intelectuales como el economista estadounidense y Premio Nobel&nbsp;<strong>Joseph Stiglitz<\/strong>, la fil\u00f3sofa estadounidense&nbsp;<strong>Susan Neiman<\/strong>&nbsp;o el economista surcoreano especializado en estrategias de desarrollo&nbsp;<strong>Ha-Joon Chang<\/strong>.<\/p>\n\n\n\n<figure class=\"wp-block-image\"><img decoding=\"async\" src=\"https:\/\/tn.com.ar\/resizer\/v2\/pedro-sanchez-yamandu-orsi-gabriel-boric-gustavo-petro-y-lula-da-silva-se-reuniran-en-santiago-foto-reuters-RVQAG3DQ4ZDRNO43AL3TPFWOVU.jfif?auth=1709fa81a23d23f03af4f88b30fccb69934b9ca4c63054bb18000c1f17de267a&amp;width=767\" alt=\"Pedro S\u00e1nchez, Yamand\u00fa Orsi, Gabriel Boric, Gustavo Petro y Lula da Silva se reunir\u00e1n en Santiago (Foto: Reuters)\"\/><\/figure>\n\n\n\n<p>Posteriormente, los mandatarios sostendr\u00e1n un encuentro con representantes de m\u00e1s de 300 organizaciones de la sociedad civil chilena.<\/p>\n\n\n\n<h2 class=\"wp-block-heading\">\u201cAutodefinici\u00f3n y autocr\u00edtica\u201d<\/h2>\n\n\n\n<p>El germen de esta reuni\u00f3n se remonta al a\u00f1o pasado, cuando Lula y S\u00e1nchez lideraron, en el marco de la 79\u00b0 Asamblea General de la ONU, un encuentro contra los extremismos. A esa misma reuni\u00f3n a tambi\u00e9n asisti\u00f3 Boric.<\/p>\n\n\n\n<p>El escenario se volvi\u00f3 m\u00e1s complejo desde entonces, con el avance de tendencias de ultraderecha en muchos pa\u00edses y con una guerra comercial global declarada por el presidente de Estados Unidos, Donald Trump.<\/p>\n\n\n\n<p>La cumbre, de hecho, se celebra a menos de dos semanas de que entren en vigor -el 1 de agosto- los nuevos aranceles anunciados por Trump a la Uni\u00f3n Europea, Brasil y otros pa\u00edses, as\u00ed como a las importaciones de cobre, lo que afectar\u00e1 a Chile, el gran suministrador del metal rojo a Estados Unidos.<\/p>\n\n\n\n<p>La derecha chilena ha criticado el momento en que se celebra la cumbre, cuando Chile est\u00e1 negociando con Estados Unidos los aranceles al cobre. Adem\u00e1s acus\u00f3 a Boric de no mantenerse \u201cneutral\u201d en este momento de complejidad geopol\u00edtica.<\/p>\n\n\n\n<p><\/p>\n","protected":false},"excerpt":{"rendered":"<p>La reuni\u00f3n ser\u00e1 este lunes y fue convocada por Gabriel Boric. Estar\u00e1n Lula da Silva, Gustavo Petro, Yamand\u00fa Orsi y el jefe del gobierno espa\u00f1ol, Pedro S\u00e1nchez. Cu\u00e1l es el&hellip; <\/p>\n","protected":false},"author":8,"featured_media":218225,"comment_status":"closed","ping_status":"open","sticky":false,"template":"","format":"standard","meta":{"footnotes":""},"categories":[11],"tags":[],"class_list":["post-218224","post","type-post","status-publish","format-standard","has-post-thumbnail","hentry","category-internacionales"],"_links":{"self":[{"href":"https:\/\/corrientesdetarde.com\/index.php\/wp-json\/wp\/v2\/posts\/218224","targetHints":{"allow":["GET"]}}],"collection":[{"href":"https:\/\/corrientesdetarde.com\/index.php\/wp-json\/wp\/v2\/posts"}],"about":[{"href":"https:\/\/corrientesdetarde.com\/index.php\/wp-json\/wp\/v2\/types\/post"}],"author":[{"embeddable":true,"href":"https:\/\/corrientesdetarde.com\/index.php\/wp-json\/wp\/v2\/users\/8"}],"replies":[{"embeddable":true,"href":"https:\/\/corrientesdetarde.com\/index.php\/wp-json\/wp\/v2\/comments?post=218224"}],"version-history":[{"count":1,"href":"https:\/\/corrientesdetarde.com\/index.php\/wp-json\/wp\/v2\/posts\/218224\/revisions"}],"predecessor-version":[{"id":218226,"href":"https:\/\/corrientesdetarde.com\/index.php\/wp-json\/wp\/v2\/posts\/218224\/revisions\/218226"}],"wp:featuredmedia":[{"embeddable":true,"href":"https:\/\/corrientesdetarde.com\/index.php\/wp-json\/wp\/v2\/media\/218225"}],"wp:attachment":[{"href":"https:\/\/corrientesdetarde.com\/index.php\/wp-json\/wp\/v2\/media?parent=218224"}],"wp:term":[{"taxonomy":"category","embeddable":true,"href":"https:\/\/corrientesdetarde.com\/index.php\/wp-json\/wp\/v2\/categories?post=218224"},{"taxonomy":"post_tag","embeddable":true,"href":"https:\/\/corrientesdetarde.com\/index.php\/wp-json\/wp\/v2\/tags?post=218224"}],"curies":[{"name":"wp","href":"https:\/\/api.w.org\/{rel}","templated":true}]}}