{"id":218230,"date":"2025-07-21T14:13:11","date_gmt":"2025-07-21T17:13:11","guid":{"rendered":"https:\/\/corrientesdetarde.com\/?p=218230"},"modified":"2025-07-21T14:13:22","modified_gmt":"2025-07-21T17:13:22","slug":"a-ultima-hora-el-kirchnerismo-coloco-a-la-intendenta-mayra-mendoza-en-la-lista-de-candidatos-de-una-seccion-clave-del-conurbano","status":"publish","type":"post","link":"https:\/\/corrientesdetarde.com\/index.php\/politica\/a-ultima-hora-el-kirchnerismo-coloco-a-la-intendenta-mayra-mendoza-en-la-lista-de-candidatos-de-una-seccion-clave-del-conurbano\/","title":{"rendered":"A \u00faltima hora, el kirchnerismo coloc\u00f3 a la intendenta Mayra Mendoza en la lista de candidatos de una secci\u00f3n clave del conurbano"},"content":{"rendered":"\n<p>A \u00faltima hora, el kirchnerismo coloc\u00f3 a la intendenta de Quilmes,&nbsp;<strong>Mayra Mendoza,<\/strong>&nbsp;en la lista de candidatos de la estrat\u00e9gica&nbsp;<strong>tercera secci\u00f3n electoral bonaerense,&nbsp;<\/strong>hist\u00f3rico basti\u00f3n K, una de las que tiene mayor cantidad de votantes. La inscripci\u00f3n fue a poco para el fin del plazo de inscripci\u00f3n de listas para las elecciones legislativas bonaerenses, que venc\u00eda el s\u00e1bado a \u00faltima hora pero fue prorrogada hasta las 14.00 por cortes de luz que frenaron la recepci\u00f3n de documentaci\u00f3n en las sedes correspondientes.<\/p>\n\n\n\n<p>Se trata de la lista que encabeza la vice de Axel Kicillof y ex intendenta de La Matanza,&nbsp;<strong>Ver\u00f3nica Magario,<\/strong>&nbsp;seguida por el jefe de bloque K en La Legislatura provincial,<strong>&nbsp;Facundo Tignanelli,&nbsp;<\/strong>que responde al jefe de La C\u00e1mpora,&nbsp;<strong>M\u00e1ximo Kirchner.<\/strong>&nbsp;Seguida por Mendoza, cercana a la expresidenta&nbsp;<strong>Cristina Kirchner,<\/strong>&nbsp;e integrante de La C\u00e1mpora.<\/p>\n\n\n\n<p>Siguen, en orden, el intendente de Almirante Brown,\u00a0<strong>Mariano Cascallares,\u00a0<\/strong>alineado con Kicillof, la legisladora,\u00a0<strong>Ayel\u00e9n Rasquetti,<\/strong>\u00a0del Frente Renovador (massismo), y el senador provincial,\u00a0<strong>Luis Vivona,<\/strong>\u00a0que responde al intendente de Malvinas Argentinas, Leonardo Nardini, de La C\u00e1mpora.<\/p>\n\n\n\n<hr class=\"wp-block-separator has-alpha-channel-opacity\"\/>\n\n\n\n<p><\/p>\n","protected":false},"excerpt":{"rendered":"<p>A \u00faltima hora, el kirchnerismo coloc\u00f3 a la intendenta de Quilmes,&nbsp;Mayra Mendoza,&nbsp;en la lista de candidatos de la estrat\u00e9gica&nbsp;tercera secci\u00f3n electoral bonaerense,&nbsp;hist\u00f3rico basti\u00f3n K, una de las que tiene mayor&hellip; <\/p>\n","protected":false},"author":8,"featured_media":218231,"comment_status":"closed","ping_status":"open","sticky":false,"template":"","format":"standard","meta":{"footnotes":""},"categories":[3],"tags":[],"class_list":["post-218230","post","type-post","status-publish","format-standard","has-post-thumbnail","hentry","category-politica"],"_links":{"self":[{"href":"https:\/\/corrientesdetarde.com\/index.php\/wp-json\/wp\/v2\/posts\/218230","targetHints":{"allow":["GET"]}}],"collection":[{"href":"https:\/\/corrientesdetarde.com\/index.php\/wp-json\/wp\/v2\/posts"}],"about":[{"href":"https:\/\/corrientesdetarde.com\/index.php\/wp-json\/wp\/v2\/types\/post"}],"author":[{"embeddable":true,"href":"https:\/\/corrientesdetarde.com\/index.php\/wp-json\/wp\/v2\/users\/8"}],"replies":[{"embeddable":true,"href":"https:\/\/corrientesdetarde.com\/index.php\/wp-json\/wp\/v2\/comments?post=218230"}],"version-history":[{"count":1,"href":"https:\/\/corrientesdetarde.com\/index.php\/wp-json\/wp\/v2\/posts\/218230\/revisions"}],"predecessor-version":[{"id":218232,"href":"https:\/\/corrientesdetarde.com\/index.php\/wp-json\/wp\/v2\/posts\/218230\/revisions\/218232"}],"wp:featuredmedia":[{"embeddable":true,"href":"https:\/\/corrientesdetarde.com\/index.php\/wp-json\/wp\/v2\/media\/218231"}],"wp:attachment":[{"href":"https:\/\/corrientesdetarde.com\/index.php\/wp-json\/wp\/v2\/media?parent=218230"}],"wp:term":[{"taxonomy":"category","embeddable":true,"href":"https:\/\/corrientesdetarde.com\/index.php\/wp-json\/wp\/v2\/categories?post=218230"},{"taxonomy":"post_tag","embeddable":true,"href":"https:\/\/corrientesdetarde.com\/index.php\/wp-json\/wp\/v2\/tags?post=218230"}],"curies":[{"name":"wp","href":"https:\/\/api.w.org\/{rel}","templated":true}]}}