{"id":218236,"date":"2025-07-21T14:25:38","date_gmt":"2025-07-21T17:25:38","guid":{"rendered":"https:\/\/corrientesdetarde.com\/?p=218236"},"modified":"2025-07-21T14:25:49","modified_gmt":"2025-07-21T17:25:49","slug":"ritondo-defendio-los-lugares-que-consiguio-para-los-candidatos-del-pro-y-le-bajo-el-tono-a-la-interna-de-lla","status":"publish","type":"post","link":"https:\/\/corrientesdetarde.com\/index.php\/actualidad\/ritondo-defendio-los-lugares-que-consiguio-para-los-candidatos-del-pro-y-le-bajo-el-tono-a-la-interna-de-lla\/","title":{"rendered":"Ritondo defendi\u00f3 los lugares que consigui\u00f3 para los candidatos del PRO y le baj\u00f3 el tono a la interna de LLA"},"content":{"rendered":"\n<p>El diputado nacional asegur\u00f3 que el partido fundado por Macri \u201cgan\u00f3 much\u00edsimo\u201d en la negociaci\u00f3n con el mile\u00edsmo. \u201cLa confianza del Presidente con Karina y con Santiago Caputo es indestructible\u201d, asegur\u00f3.<\/p>\n\n\n\n<p><strong>Cristian Ritondo<\/strong>, diputado nacional y presidente del\u00a0<strong>PRO bonaerense<\/strong>, defendi\u00f3 el lugar que obtuvo su espacio en el\u00a0<strong>cierre de listas<\/strong>\u00a0para las\u00a0<strong>elecciones legislativas<\/strong>\u00a0en la\u00a0<strong>provincia de<\/strong>\u00a0<strong>Buenos Aires<\/strong>, en el marco del\u00a0<strong>acuerdo<\/strong> entre el partido fundado por Mauricio Macri y\u00a0<strong>La Libertad Avanza<\/strong>\u00a0(LLA). Adem\u00e1s, habl\u00f3 sobre la interna libertaria.<\/p>\n\n\n\n<p>Lejos de admitir retrocesos, sostuvo que el PRO<strong>&nbsp;\u201cgan\u00f3 much\u00edsimo\u201d&nbsp;<\/strong>y resalt\u00f3 el protagonismo que mantienen los&nbsp;<strong>intendentes&nbsp;<\/strong>en el armado.<\/p>\n\n\n\n<p>\u201cGanaron los bonaerenses, la provincia y gan\u00f3 el PRO, much\u00edsimo\u201d, afirm\u00f3 Ritondo tras las negociaciones que definieron los nombres que encabezar\u00e1n las listas seccionales. Y agreg\u00f3: \u201c\u00bfCu\u00e1nto daban las encuestas que ten\u00eda el PRO en la provincia de Buenos Aires? Son&nbsp;<strong>m\u00e1s de 167 posibles concejales<\/strong>&nbsp;que lleva el PRO en estas listas. \u00bfC\u00f3mo no vamos a estar conformes?\u201d.<\/p>\n\n\n\n<p>Aunque el cierre formal se dio sin sobresaltos, los d\u00edas previos estuvieron marcados por tensiones internas. Varios&nbsp;<strong>intendentes del PRO amagaron con romper el acuerdo<\/strong>&nbsp;con LLA, lo que sum\u00f3 incertidumbre al armado. Sin embargo, el s\u00e1bado llegaron con buena parte del esquema definido y los espacios del PRO terminaron representados en las listas.<\/p>\n\n\n\n<p>\u201cHay una&nbsp;<strong>visi\u00f3n de divisi\u00f3n<\/strong>&nbsp;que est\u00e1n haciendo muchos \u2014sugiri\u00f3 Ritondo sobre el an\u00e1lisis period\u00edstico\u2014. O mienten las encuestas o los an\u00e1lisis. En este frente estamos seguros de que la&nbsp;<strong>cantidad y calidad de legisladores y concejales<\/strong>&nbsp;nos hace muy competitivos para esta elecci\u00f3n y las que vienen\u201d.<\/p>\n\n\n\n<p>En total,&nbsp;<strong>el PRO encabezar\u00e1 solo dos de las ocho secciones electorales<\/strong>&nbsp;\u2014la Segunda con Natalia Blanco y la Quinta con Guillermo Montenegro\u2014, mientras que el resto qued\u00f3 en manos de referentes libertarios. Pese a esa distribuci\u00f3n, Ritondo sostuvo que la alianza fue positiva y destac\u00f3 que los cinco sectores internos m\u00e1s relevantes del PRO bonaerense quedaron representados: \u00e9l mismo, Diego Santilli, Soledad Mart\u00ednez, Guillermo Montenegro y N\u00e9stor Grindetti.<\/p>\n\n\n\n<p>Uno de los puntos clave que el diputado quiso dejar en claro es que la&nbsp;<strong>candidatura de Montenegro<\/strong>, actual intendente de General Pueyrred\u00f3n y cabeza de lista en la Quinta Secci\u00f3n, no ser\u00e1 testimonial. \u201cYa lo ha dicho \u00e9l y lo digo yo:&nbsp;<strong>es candidato para asumir el 10 de diciembre<\/strong>\u201d, asegur\u00f3, en referencia a la banca en el Senado provincial que disputar\u00e1 el marplatense.<\/p>\n\n\n\n<p>Si bien el cierre de listas dej\u00f3 en claro que el PRO debi\u00f3 ceder terreno en las cabezas de lista, el partido de Mauricio Macri logr\u00f3 conservar representaci\u00f3n en&nbsp;<strong>lugares estrat\u00e9gicos<\/strong>&nbsp;y mantener su&nbsp;<strong>armado territorial<\/strong>. En ese sentido, Ritondo destac\u00f3 el peso pol\u00edtico de los intendentes del PRO: \u201cNosotros pudimos sintetizar gracias al poder que nos dieron los intendentes\u201d.<\/p>\n\n\n\n<p>Por \u00faltimo, consultado por la\u00a0<strong>interna libertaria<\/strong>, Ritondo se despeg\u00f3 del conflicto que atraviesa a LLA, especialmente entre el n\u00facleo cercano a\u00a0<strong>Karina Milei<\/strong>\u00a0(y el armador\u00a0<strong>Sebasti\u00e1n Pareja<\/strong>) y la agrupaci\u00f3n\u00a0<strong>Las Fuerzas del Cielo<\/strong>, que responde a\u00a0<strong>Santiago Caputo<\/strong>\u00a0y qued\u00f3 relegada en el reparto de lugares.<\/p>\n\n\n\n<p>\u201cEs un&nbsp;<strong>tema interno<\/strong>&nbsp;de LLA. A m\u00ed<strong>&nbsp;me gustan muchas cosas de los chicos<\/strong>&nbsp;de Las Fuerzas del Cielo, pero no soy qui\u00e9n (para opinar)\u201d, dijo. Y agreg\u00f3: \u201cNo s\u00e9 c\u00f3mo es el armado, lo desconozco.&nbsp;<strong>Bastante complejo es el nuestro&nbsp;<\/strong>como para ver el armado de la otra fuerza pol\u00edtica\u201d.<\/p>\n\n\n\n<p>Por \u00faltimo, busc\u00f3 bajarle el tono a la interna que sacude los pasillos de Balcarce 50 al asegurar que el Tri\u00e1ngulo de Hierro permanecer\u00e1 inalterable: \u201cLa confianza del presidente con Santiago Caputo y con Karina es indestructible\u201d.<\/p>\n\n\n\n<p><\/p>\n","protected":false},"excerpt":{"rendered":"<p>El diputado nacional asegur\u00f3 que el partido fundado por Macri \u201cgan\u00f3 much\u00edsimo\u201d en la negociaci\u00f3n con el mile\u00edsmo. \u201cLa confianza del Presidente con Karina y con Santiago Caputo es indestructible\u201d,&hellip; <\/p>\n","protected":false},"author":8,"featured_media":218237,"comment_status":"closed","ping_status":"open","sticky":false,"template":"","format":"standard","meta":{"footnotes":""},"categories":[23],"tags":[],"class_list":["post-218236","post","type-post","status-publish","format-standard","has-post-thumbnail","hentry","category-actualidad"],"_links":{"self":[{"href":"https:\/\/corrientesdetarde.com\/index.php\/wp-json\/wp\/v2\/posts\/218236","targetHints":{"allow":["GET"]}}],"collection":[{"href":"https:\/\/corrientesdetarde.com\/index.php\/wp-json\/wp\/v2\/posts"}],"about":[{"href":"https:\/\/corrientesdetarde.com\/index.php\/wp-json\/wp\/v2\/types\/post"}],"author":[{"embeddable":true,"href":"https:\/\/corrientesdetarde.com\/index.php\/wp-json\/wp\/v2\/users\/8"}],"replies":[{"embeddable":true,"href":"https:\/\/corrientesdetarde.com\/index.php\/wp-json\/wp\/v2\/comments?post=218236"}],"version-history":[{"count":1,"href":"https:\/\/corrientesdetarde.com\/index.php\/wp-json\/wp\/v2\/posts\/218236\/revisions"}],"predecessor-version":[{"id":218238,"href":"https:\/\/corrientesdetarde.com\/index.php\/wp-json\/wp\/v2\/posts\/218236\/revisions\/218238"}],"wp:featuredmedia":[{"embeddable":true,"href":"https:\/\/corrientesdetarde.com\/index.php\/wp-json\/wp\/v2\/media\/218237"}],"wp:attachment":[{"href":"https:\/\/corrientesdetarde.com\/index.php\/wp-json\/wp\/v2\/media?parent=218236"}],"wp:term":[{"taxonomy":"category","embeddable":true,"href":"https:\/\/corrientesdetarde.com\/index.php\/wp-json\/wp\/v2\/categories?post=218236"},{"taxonomy":"post_tag","embeddable":true,"href":"https:\/\/corrientesdetarde.com\/index.php\/wp-json\/wp\/v2\/tags?post=218236"}],"curies":[{"name":"wp","href":"https:\/\/api.w.org\/{rel}","templated":true}]}}